{"id":29657,"date":"2025-02-03T15:54:41","date_gmt":"2025-02-03T14:54:41","guid":{"rendered":"https:\/\/rez-care.com\/?p=29657"},"modified":"2026-02-08T18:10:40","modified_gmt":"2026-02-08T17:10:40","slug":"micro-agressions-minent-la-sante-au-travail","status":"publish","type":"post","link":"https:\/\/rez-care.com\/fr\/micro-agressions-minent-la-sante-au-travail\/","title":{"rendered":"Les micro-agressions minent la sant\u00e9 au travail."},"content":{"rendered":"\n<figure class=\"wp-block-image aligncenter size-full is-style-default\"><img loading=\"lazy\" decoding=\"async\" width=\"1200\" height=\"1200\" src=\"https:\/\/rez-care.com\/wp-content\/uploads\/2025\/01\/Micro-agression-2.png\" alt=\"\" class=\"wp-image-29652\" srcset=\"https:\/\/rez-care.com\/wp-content\/uploads\/2025\/01\/Micro-agression-2.png 1200w, https:\/\/rez-care.com\/wp-content\/uploads\/2025\/01\/Micro-agression-2-980x980.png 980w, https:\/\/rez-care.com\/wp-content\/uploads\/2025\/01\/Micro-agression-2-480x480.png 480w\" sizes=\"(min-width: 0px) and (max-width: 480px) 480px, (min-width: 481px) and (max-width: 980px) 980px, (min-width: 981px) 1200px, 100vw\" \/><\/figure>\n\n\n\n<h2 class=\"wp-block-heading\"><strong>Qu\u2019est-ce qu\u2019une micro-agression ?<\/strong><\/h2>\n\n\n\n<p><\/p>\n\n\n\n<p>Une erreur fr\u00e9quente qu&rsquo;on observe en mati\u00e8re de pr\u00e9vention du harc\u00e8lement au travail, c&rsquo;est de ne pas prendre suffisamment au s\u00e9rieux les micro-agressions. <br><br>Des remarques, blagues ou commentaires sur l&rsquo;accent, les cheveux, ou d&rsquo;autres aspects de l&rsquo;identit\u00e9 d&rsquo;une personne. A premi\u00e8re vue, elles peuvent sembler inoffensives, mais elles sont parfois teint\u00e9es de condescendance quand elles ne sont pas volontairement d\u00e9sobligeantes. Elles peuvent aussi s&rsquo;accompagner d&rsquo;actes visant \u00e0 isoler ou exclure, de plaisanteries douteuses pour d\u00e9stabiliser ou casser la confiance en soi.<br><br>Ces comportements qui s\u2019installent insidieusement dans les interactions quotidiennes et qu&rsquo;on consid\u00e8re au d\u00e9part comme des \u00ab\u00a0petits riens\u00a0\u00bb, finissent par cr\u00e9er un environnement toxique o\u00f9 le harc\u00e8lement prosp\u00e8re. Les micro-agressions sont loin d&rsquo;\u00eatre inoffensives et peuvent avoir un impact profond et durable sur la sant\u00e9 des personnes qui les subissent. <\/p>\n\n\n\n<p><strong>Les micro-agressions sont des comportements ou paroles plus ou moins subtiles, souvent non intentionnelles, qui peuvent causer de l\u2019inconfort ou de la d\u00e9tresse chez la personne cibl\u00e9e<\/strong>. Elles visent des caract\u00e9ristiques d\u00e9mographiques ou cognitives et sont per\u00e7ues comme des petites \u00ab\u00a0piques\u00a0\u00bb. Pourtant leur effet cumulatif peut s\u2019av\u00e9rer destructeur et <strong>porter atteinte \u00e0 l&rsquo;int\u00e9grit\u00e9 des personnes tout en provoquant des tensions au sein des \u00e9quipes<\/strong>.<\/p>\n\n\n\n<h3 class=\"wp-block-heading\"><strong>Exemples de micro-agressions courantes<\/strong><\/h3>\n\n\n\n<ol class=\"wp-block-list\">\n<li><strong>Suggestions non sollicit\u00e9es : <\/strong>\u00ab Tu devrais te lisser les cheveux, c&rsquo;est plus professionnel. \u00bb Des remarquent de ce type pourraient sembler dict\u00e9es par la bienveillance, mais elles sugg\u00e8rent que l\u2019apparence naturelle d&rsquo;une personne n&rsquo;est pas acceptable. Elles d\u00e9valorisent et cr\u00e9ent une pression pour se conformer, minimisant l&rsquo;authenticit\u00e9 et la diversit\u00e9, et \u00e9tablissant des crit\u00e8res de professionnalisme \u00e9troits et exclusifs.<\/li>\n\n\n\n<li><strong>Remarques sur l&rsquo;accent ou l&rsquo;origine :<\/strong> \u00ab\u00a0Tu as un accent exotique, tu viens d&rsquo;o\u00f9?\u00a0\u00bb Ce type de commentaire d\u00e9valorise la personne en r\u00e9duisant son identit\u00e9 \u00e0 sa culture ou son origine.<\/li>\n\n\n\n<li><strong>Commentaire sur l&rsquo;apparence physique :<\/strong> \u00ab\u00a0Tu as perdu du poids, tu es bien mieux comme \u00e7a !&#8230; On dirait que tu as pris du poids, je peux te conseiller un excellent r\u00e9gime\u00a0\u00bb Bien que cela puisse sembler un compliment, ce genre de remarque peut avoir un impact sur l&rsquo;estime de soi de l&rsquo;individu.<\/li>\n\n\n\n<li><strong>Blagues sexistes et\/ou racistes :<\/strong> \u00ab\u00a0Tu ressembles \u00e0 une gazelle, quelle belle panth\u00e8re! Geisha!\u00a0\u00bb . Ces phrases refl\u00e8tent des st\u00e9r\u00e9otypes profond\u00e9ment enracin\u00e9s qui fusionnent sexisme et racisme <strong>(intersectionnalit\u00e9)<\/strong>, en r\u00e9duisant les femmes de certains groupes ethniques \u00e0 des attributs physiques ou des comparaisons animales qui font \u00e9cho \u00e0 des id\u00e9es colonialistes et racistes de d\u00e9shumanisation.<\/li>\n<\/ol>\n\n\n\n<h3 class=\"wp-block-heading\"><strong>Les micro-agressions doivent \u00eatre prises au s\u00e9rieux<\/strong><\/h3>\n\n\n\n<p>Elles cr\u00e9ent un environnement de travail toxique, \u00e9rode l&rsquo;estime de soi, isole les personnes cibl\u00e9es et peuvent engendrer des probl\u00e8mes de sant\u00e9 mentale. Lorsqu&rsquo;elles se r\u00e9p\u00e8tent, ces paroles ou actions peuvent relever du harc\u00e8lement moral et\/ou sexuelle. Ne pas agir contre les micro-agressions peut envoyer le message qu&rsquo;elles sont acceptables, ce qui permet \u00e0 la toxicit\u00e9 de s&rsquo;installer durablement au travail.<\/p>\n\n\n\n<h4 class=\"wp-block-heading\"><strong>Pr\u00e9venir et r\u00e9duire les micro-agressions au travail<\/strong><\/h4>\n\n\n\n<ol class=\"wp-block-list\">\n<li><strong>Reconna\u00eetre les micro-agressions :<\/strong> Apprendre \u00e0 les identifier une remarque sexiste, un ton condescendant ou des comportements passifs-agressifs. Leur subtilit\u00e9 ne les rend pas moins destructrices.<\/li>\n\n\n\n<li><strong>\u00c9couter sans juger :<\/strong> Si un coll\u00e8gue partage une exp\u00e9rience de micro-agression, prenez le temps d\u2019\u00e9couter et de comprendre la situation sans minimiser le ressenti. Cela montre un soutien sinc\u00e8re et valide les \u00e9motions de la personne concern\u00e9e.<\/li>\n\n\n\n<li><strong>Intervenir d\u00e8s les premiers signes :<\/strong> Agir d\u00e8s que vous rep\u00e9rez une micro-agression est essentiel. Cela \u00e9vite que de tels comportements se r\u00e9p\u00e8tent. Rappeler les r\u00e8gles de respect au sein de l\u2019\u00e9quipe d\u00e8s le d\u00e9but peut pr\u00e9venir l&rsquo;escalade de la situation. <\/li>\n\n\n\n<li><strong>Former et sensibiliser :<\/strong> Une culture de respect n&rsquo;est pas le fruit du hasard mais le r\u00e9sultat d&rsquo;un investissement en temps, resource et argent dans des formations sur mesure pour permettre \u00e0 chacun de comprendre les dynamiques \u00e0 l\u2019\u0153uvre et de d\u00e9velopper des r\u00e9flexes pour pr\u00e9venir et agir. <\/li>\n<\/ol>\n\n\n\n<h3 class=\"wp-block-heading\"><strong>Construire une culture de respect au travail<\/strong><\/h3>\n\n\n\n<p>La pr\u00e9vention des micro-agressions n\u00e9cessite une approche proactive. Il faut faire preuve de vigilance au quotidien et intervenir d\u00e8s les premiers signes de paroles ou comportements probl\u00e9matiques. Agir en amont en sensibilisant les \u00e9quipes permet de cr\u00e9er une culture respectueuse de l&rsquo;int\u00e9grit\u00e9 de chaque \u00eatre humain.<\/p>\n\n\n\n<p>C&rsquo;est un effort n\u00e9cessaire pour construire un environnement de travail sain, o\u00f9 chaque personne se sent respect\u00e9e et \u00e9cout\u00e9e. La coh\u00e9sion d\u2019\u00e9quipe n&rsquo;en sera que renforc\u00e9e et la performance globale de l\u2019entreprise am\u00e9lior\u00e9e.<\/p>\n\n\n\n<hr class=\"wp-block-separator has-alpha-channel-opacity\"\/>\n\n\n\n<p>\ud83d\udccc Vos coll\u00e8gues vous font des remarques qui vous agacent et minent votre moral ?<br>Prenez quelques minutes pour le v\u00e9rifier. R\u00e9alisez une auto-\u00e9valuation confidentielle sur la <a href=\"http:\/\/platform.rez\">plateforme Rez-care<\/a> et d\u00e9couvrez si votre v\u00e9cu pourrait repr\u00e9senter un risque de harc\u00e8lement au travail.<\/p>\n\n\n\n<p><\/p>\n\n\n\n<p>\u2139\ufe0f R\u00e9f\u00e9rences et \u00e9tudes anglosaxonnes: <\/p>\n\n\n\n<p><a href=\"https:\/\/pubmed.ncbi.nlm.nih.gov\/17516773\/\" target=\"_blank\" rel=\"noreferrer noopener\">Racial microaggressions in everyday life: implications for clinical practice<\/a><\/p>\n\n\n\n<p>\u2139\ufe0f Pour aller plus loin- Statistiques IFOP- France<\/p>\n\n\n\n<ul class=\"wp-block-list\">\n<li><a href=\"https:\/\/paritalite.fr\/wp-content\/uploads\/2024\/07\/Revue-de-presse-Restitution-etude-exclusive-Micro-agressions-en-entreprise.pdf\" target=\"_blank\" rel=\"noreferrer noopener\">Revue de presse sur l&rsquo;ampleur et impacts des micro-agressions en entreprise <\/a><\/li>\n\n\n\n<li><a href=\"https:\/\/culture-rh.com\/micro-agressions-travail\/\" target=\"_blank\" rel=\"noreferrer noopener\">Micro-agressions au travail : macro probl\u00e8me pour les entreprises<\/a><\/li>\n<\/ul>\n\n\n\n<p><strong>D\u00e9couvrez nos solutions pour des environnements de travail sains et \u00e9quitables!<\/strong> \u2935\ufe0f<\/p>\n\n\n\n<p>\ud83d\udccb Est-ce que vous subissez du harc\u00e8lement au travail? Faites votre auto-\u00e9valuation via le <a href=\"https:\/\/platform.rez-care.com\/\" target=\"_blank\" rel=\"noreferrer noopener\">questionnaire en ligne<\/a><br>\ud83d\udedf Notre \u00e9quipe d&rsquo;experts est \u00e0 votre service pour du <a href=\"https:\/\/rez-care.com\/soutien-individuel\/\" target=\"_blank\" rel=\"noreferrer noopener\">soutien individuel<\/a><br>\u2699\ufe0f Consultez nos <a href=\"https:\/\/rez-care.com\/solutions-entreprises\/\" target=\"_blank\" rel=\"noreferrer noopener\">solutions pour les entreprises et organisations<\/a><br>\ud83d\udce1 D\u00e9couvrez nos actions de sensibilisation grand public via <a href=\"http:\/\/www.rezalliance.com\" target=\"_blank\" rel=\"noreferrer noopener\">Rezalliance<\/a> association, et la \u00ab\u00a0<a href=\"http:\/\/www.24may.org\" target=\"_blank\" rel=\"noreferrer noopener\">Journ\u00e9e internationale contre le harc\u00e8lement et pour l&rsquo;inclusion dans le monde du travail<\/a>\u00ab\u00a0<\/p>\n","protected":false},"excerpt":{"rendered":"<p>Les micro-agressions sont des comportements ou paroles subtiles, souvent non intentionnelles, qui peuvent causer de l\u2019inconfort ou de la d\u00e9tresse chez la personne vis\u00e9e. Elles se manifestent sous forme de remarques sexistes, racistes ou discriminatoires, et sont souvent per\u00e7ues comme des petites \u00ab\u00a0piques\u00a0\u00bb. Cependant, leur effet cumulatif peut s\u2019av\u00e9rer destructeur. Ces comportements peuvent nuire \u00e0 l&rsquo;int\u00e9grit\u00e9 d&rsquo;une personne et, \u00e0 long terme, provoquer des tensions au sein de l&rsquo;\u00e9quipe.<\/p>\n","protected":false},"author":2,"featured_media":29652,"comment_status":"closed","ping_status":"closed","sticky":false,"template":"","format":"standard","meta":{"_et_pb_use_builder":"off","_et_pb_old_content":"<!-- wp:paragraph -->\n<p><\/p>\n<!-- \/wp:paragraph -->\n\n<!-- wp:image {\"id\":29395,\"sizeSlug\":\"full\",\"linkDestination\":\"none\",\"align\":\"center\",\"className\":\"is-style-default\"} -->\n<figure class=\"wp-block-image aligncenter size-full is-style-default\"><img src=\"https:\/\/rez-care.com\/wp-content\/uploads\/2024\/09\/business-groupe-31.jpg\" alt=\"\" class=\"wp-image-29395\"\/><figcaption class=\"wp-element-caption\">Photo of a creative business team busy at a meeting<\/figcaption><\/figure>\n<!-- \/wp:image -->\n\n<!-- wp:heading -->\n<h2 class=\"wp-block-heading\"><strong>Pr\u00e9ambule<\/strong><\/h2>\n<!-- \/wp:heading -->\n\n<!-- wp:paragraph -->\n<p>La pr\u00e9vention du harc\u00e8lement au travail n'est pas seulement une obligation l\u00e9gale, c'est aussi un levier puissant pour lib\u00e9rer la cr\u00e9ativit\u00e9 et l'innovation au sein des entreprises. Lorsque les individus se sentent en s\u00e9curit\u00e9, respect\u00e9s et valoris\u00e9, ils sont plus enclins \u00e0 exprimer leurs id\u00e9es et \u00e0 collaborer de mani\u00e8re efficace. Cet article traite de l'<strong>importance cruciale de la pr\u00e9vention du harc\u00e8lement dans le milieu professionnel<\/strong> et en quoi elle est un facteur cl\u00e9 pour lib\u00e9rer la cr\u00e9ativit\u00e9 et l'innovation, <strong>transformant l'environnement de travail en havre de paix et de respect mutuel<\/strong>. Nous examinerons les diff\u00e9rentes formes de harc\u00e8lement, les politiques de signalement n\u00e9cessaires, ainsi que les formations et sensibilisations indispensables. Enfin, nous explorerons la cr\u00e9ation d'une culture de respect, essentielle pour d\u00e9velopper un environnement de travail sain et productif.<\/p>\n<!-- \/wp:paragraph -->\n\n<!-- wp:heading -->\n<h2 class=\"wp-block-heading\"><strong>Comprendre les diff\u00e9rentes formes de harc\u00e8lement<\/strong><\/h2>\n<!-- \/wp:heading -->\n\n<!-- wp:paragraph -->\n<p>Le harc\u00e8lement au travail peut prendre de nombreuses formes qu'il est absolument crucial d'identifier pour mieux les pr\u00e9venir. <\/p>\n<!-- \/wp:paragraph -->\n\n<!-- wp:paragraph -->\n<p>Tout d'abord, le <strong>harc\u00e8lement moral ou psychologique,<\/strong> souvent insidieux, se manifeste par des comportements r\u00e9p\u00e9t\u00e9s visant \u00e0 d\u00e9nigrer et blesser une personne, d\u00e9gradant ainsi ses conditions de travail. Cela peut inclure des <strong>critiques incessantes<\/strong>, des <strong>humiliations <\/strong>\u00e0 huis clos ou en public ou de l'<strong>isolement <\/strong>social. Ce type de harc\u00e8lement a des <strong>effets d\u00e9vastateurs sur la sant\u00e9 et la motivation<\/strong> des cibles, les rendant moins enclines \u00e0 participer activement aux projets et activit\u00e9s et \u00e0 proposer des id\u00e9es innovantes.<\/p>\n<!-- \/wp:paragraph -->\n\n<!-- wp:paragraph -->\n<p>Ensuite, le <strong>harc\u00e8lement sexuel <\/strong>qui cr\u00e9e aussi un environnement de travail hostile. Les comportements inappropri\u00e9s comme des avances non d\u00e9sir\u00e9es ou des commentaires \u00e0 connotation sexuelle affectent non seulement la sant\u00e9 de la victime, mais instaurer \u00e9galement un climat de peur et de m\u00e9fiance au sein de l'\u00e9quipe. <\/p>\n<!-- \/wp:paragraph -->\n\n<!-- wp:paragraph -->\n<p>Il y a aussi le <strong>harc\u00e8lement discriminatoire<\/strong>, bas\u00e9 sur des crit\u00e8res tels que l'\u00e2ge, le sexe, l'origine ethnique, la religion ou l'orientation sexuelle. Ce type de harc\u00e8lement cr\u00e9e des divisions au sein des \u00e9quipes et emp\u00eache la diversit\u00e9 des id\u00e9es et perspectives, essentielles pour l'innovation. <\/p>\n<!-- \/wp:paragraph -->\n\n<!-- wp:paragraph -->\n<p>Enfin, le <strong>harc\u00e8lement institutionnel <\/strong>d\u00e9signe des pratiques abusives, syst\u00e9matiques et r\u00e9p\u00e9t\u00e9es, mises en place ou tol\u00e9r\u00e9es par une organisation, qui portent atteinte \u00e0 la dignit\u00e9, aux droits ou au bien-\u00eatre de ses membres. Il peut se manifester \u00e0 travers des <strong>politiques, des proc\u00e9dures ou des comportements qui renforcent une culture de discrimination, d'exclusion ou de pression excessive<\/strong>, cr\u00e9ant un environnement toxique pour les individus cibl\u00e9s.<\/p>\n<!-- \/wp:paragraph -->\n\n<!-- wp:paragraph -->\n<p>Il est imp\u00e9ratif de comprendre que tous les types de harc\u00e8lement n'affectent pas seulement les individus directement concern\u00e9s. L<strong>'ensemble de l'environnement<\/strong> de travail est \u00e9galement impact\u00e9, ce qui limite la collaboration et la cr\u00e9ativit\u00e9. En comprenant et en identifiant les diff\u00e9rentes formes de harc\u00e8lement, les entreprises et organisations peuvent mettre en place des strat\u00e9gies de pr\u00e9vention efficaces pour favoriser un environnement de travail plus serein et productif.<\/p>\n<!-- \/wp:paragraph -->\n\n<!-- wp:heading -->\n<h2 class=\"wp-block-heading\"><strong>\u00c9tablir des politiques et des proc\u00e9dures de signalement<\/strong> <strong>claires<\/strong>. <\/h2>\n<!-- \/wp:heading -->\n\n<!-- wp:paragraph -->\n<p>Pour pr\u00e9venir le harc\u00e8lement au travail, il est essentiel d'\u00e9tablir des politiques claires et des proc\u00e9dures de signalement accessibles \u00e0 toutes les personnes qui travaillent au sein de l'organisation. Ces politiques doivent <strong>d\u00e9finir explicitement ce qu'est le harc\u00e8lement, les comportements inacceptables et les cons\u00e9quences<\/strong> pour les individus qui les adoptent. Une <strong>politique bien formalis\u00e9e<\/strong> est le premier pas vers la cr\u00e9ation d'un environnement de travail s\u00e9curisant et respectueux.<\/p>\n<!-- \/wp:paragraph -->\n\n<!-- wp:paragraph -->\n<p>Les <strong>proc\u00e9dures de signalement doivent \u00eatre simples, confidentielles et accessibles<\/strong>. Ainsi, il est imp\u00e9ratif que l'ensemble du personnel sache comment signaler une situation probl\u00e9matique sans craindre des repr\u00e9sailles. Les canaux de communication peuvent inclure des bo\u00eetes \u00e0 suggestions anonymes, des <strong><a href=\"http:\/\/platform.rez-care.com\" target=\"_blank\" rel=\"noreferrer noopener\">lignes t\u00e9l\u00e9phoniques d\u00e9di\u00e9es ou des portails en ligne s\u00e9curis\u00e9s (1)<\/a><\/strong>. Assurer la confidentialit\u00e9 des plaintes encourage les victimes et les t\u00e9moins \u00e0 se manifester, permettant de traiter les cas de mani\u00e8re proactive.<\/p>\n<!-- \/wp:paragraph -->\n\n<!-- wp:paragraph -->\n<p>De plus, il est important que les entreprises mettent en place un <strong>comit\u00e9 ou un groupe de travail charg\u00e9 de g\u00e9rer les plaintes de harc\u00e8lement<\/strong>. Ce groupe doit recevoir une formation ad\u00e9quate pour analyser les all\u00e9gations et diligenter des enqu\u00eates impartiales afin de permettre \u00e0 l'employeur de prendre des mesures appropri\u00e9es. En ayant des politiques et proc\u00e9dures claires, les entreprises montrent leur engagement \u00e0 maintenir un environnement de travail respectueux de l'int\u00e9grit\u00e9 des individus et \u00e0 encourager la participation active de tous les collaborateurs et collaboratrices sans crainte de repr\u00e9sailles.<\/p>\n<!-- \/wp:paragraph -->\n\n<!-- wp:heading -->\n<h2 class=\"wp-block-heading\"><strong>Former et sensibiliser \u00e0 tous les niveaux de hi\u00e9rarchie.<\/strong><\/h2>\n<!-- \/wp:heading -->\n\n<!-- wp:paragraph -->\n<p>La formation et la sensibilisation sont primordiales pour pr\u00e9venir le harc\u00e8lement au travail. L'ensemble du personnel, quel que soit le niveau hi\u00e9rarchique, doit \u00eatre form\u00e9 pour reconna\u00eetre les comportements \u00e0 risque et savoir comment r\u00e9agir. Pour \u00eatre efficaces, les formation doivent apporter un \u00e9clairage sur <strong>les concepts cl\u00e9s<\/strong> avec des <strong>exemples concrets<\/strong> et int\u00e9grer <strong>une mise en situation et des discussions ouvertes<\/strong>.<\/p>\n<!-- \/wp:paragraph -->\n\n<!-- wp:paragraph -->\n<p>Les responsables d'\u00e9quipe jouent un r\u00f4le crucial dans la pr\u00e9vention du harc\u00e8lement. En plus de la sensibilisation g\u00e9n\u00e9rale, une formation additionnelle leur est n\u00e9cessaire pour apprendre \u00e0 <strong>g\u00e9rer les plaintes de mani\u00e8re appropri\u00e9e <\/strong>afin de maintenir un environnement de travail positif. Ainsi, une formation sp\u00e9cifique pour les managers doit inclure \u00e0 minima des <strong>techniques de communication, des strat\u00e9gies de r\u00e9solution de conflits et des outils pour promouvoir une culture de respect au sein de leurs \u00e9quipes.<\/strong> En \u00e9tant bien form\u00e9s, les managers peuvent agir comme des <strong>mod\u00e8les et des r\u00e9f\u00e9rants<\/strong> dans la lutte contre le harc\u00e8lement.<\/p>\n<!-- \/wp:paragraph -->\n\n<!-- wp:paragraph -->\n<p>La sensibilisation doit \u00eatre un <strong>effort continu<\/strong> qui passe par l'organisation r\u00e9guli\u00e8res d'action via des ateliers, s\u00e9minaires et campagnes de communication pour maintenir le sujet \u00e0 l'ordre du jour. En int\u00e9grant ainsi la pr\u00e9vention du harc\u00e8lement dans la culture d'entreprise, il est constamment rappel\u00e9 \u00e0 l'attention de tout le monde, en interne comme en externe, que le protection de l'int\u00e9grit\u00e9 est au coeur des pratiques organisationnelles. C'est un <strong>investissement <\/strong>qui favorise un environnement plus sain, plus innovant et plus productif sur le long terme.<\/p>\n<!-- \/wp:paragraph -->\n\n<!-- wp:heading -->\n<h2 class=\"wp-block-heading\"><strong>Cr\u00e9er une culture de respect, de soutien et feedback.<\/strong><\/h2>\n<!-- \/wp:heading -->\n\n<!-- wp:paragraph -->\n<p>La cr\u00e9ation d'une culture de respect, de soutien et de feedback est essentielle pour pr\u00e9venir le harc\u00e8lement au travail et favoriser un climat propice \u00e0 la cr\u00e9ativit\u00e9 et \u00e0 l'innovation. Une telle culture repose sur des <strong>valeurs partag\u00e9es <\/strong>par toute l'organisation, de la <strong>direction <\/strong>aux <strong>employ\u00e9.e.s, <\/strong> y compris les<strong> apprentie.e.s, stagiaires et <\/strong>le personnel en contrat temporaire comme les<strong> int\u00e9rimaires et les consultant.es<\/strong>. Les membres de l'\u00e9quipe de direction doivent bien s\u00fbr montrer l'exemple en adoptant des comportements respectueux et en encourageant une communication ouverte sur toutes les probl\u00e9matiques en lien avec la sph\u00e8re professionnelle.<\/p>\n<!-- \/wp:paragraph -->\n\n<!-- wp:paragraph -->\n<p>Les<strong> initiatives de reconnaissance et de valorisation des employ\u00e9.es<\/strong> contribuent \u00e9galement \u00e0 cr\u00e9er un environnement de travail positif. Lorsqu'une personne se sent appr\u00e9ci\u00e9e et respect\u00e9e, elle est plus encline \u00e0 partager ses id\u00e9es et \u00e0 collaborer. Des programmes qui r\u00e9compensent des <strong>d\u00e9marches proactives et constructives <\/strong>vont renforcer le sentiment d'appartenance.<\/p>\n<!-- \/wp:paragraph -->\n\n<!-- wp:paragraph -->\n<p>Par ailleurs, il est crucial de <strong>promouvoir la pluralit\u00e9 <\/strong>au sein de l'entreprise. La diversit\u00e9 des perspectives et des exp\u00e9riences est un atout majeur pour l'innovation. En cr\u00e9ant un environnement o\u00f9 chaque \u00eatre humain se sent respect\u00e9 et inclus, quelles que soient les <strong>diff\u00e9rences d\u00e9mographiques ou cognitives<\/strong>, les employeurs vont b\u00e9n\u00e9ficier d'une multitude d'id\u00e9es et de solutions cr\u00e9atives. <strong>L'inclusion r\u00e9elle doit \u00eatre une priorit\u00e9 dans toutes les politiques et pratiques organisationnelles, de la s\u00e9lection du personnel \u00e0 la prise de d\u00e9cision strat\u00e9gique<\/strong>. En cultivant une culture de respect, de soutien et de feedback, les entreprises et organisations vont non seulement pr\u00e9venir le harc\u00e8lement, mais aussi lib\u00e9rer le potentiel cr\u00e9atif de leurs employ\u00e9.e.s.<\/p>\n<!-- \/wp:paragraph -->\n\n<!-- wp:heading -->\n<h2 class=\"wp-block-heading\"><strong>Vers un environnement de travail respectueux et inclusif<\/strong>.<\/h2>\n<!-- \/wp:heading -->\n\n<!-- wp:paragraph -->\n<p>En conclusion, comprendre les diff\u00e9rentes formes de harc\u00e8lement et leur m\u00e9canismes est la premi\u00e8re \u00e9tape et aussi la plus essentielle pour pr\u00e9venir le harc\u00e8lement au travail. Qu'il s'agisse de harc\u00e8lement moral, sexuel, discriminatoire ou institutionnel, chacune des formes a implications graves pour les individus, leur \u00e9quipe et l'ensemble de l'organisation. En adoptant des politiques de signalement claires et accessibles, les entreprises d\u00e9montrent leur engagement envers un environnement de travail s\u00e9curisant et respectueux. La formation et la sensibilisation \u00e0 tous les niveaux, jouant un r\u00f4le crucial dans l'a reconnaissance dans l'identification et la gestion proactive des comportements  \u00e0 risque.<\/p>\n<!-- \/wp:paragraph -->\n\n<!-- wp:paragraph -->\n<p>Cr\u00e9er une culture de respect, de soutien et de feedback, est indispensable pour favoriser un climat propice \u00e0 la cr\u00e9ativit\u00e9 et \u00e0 l'innovation. En valorisant la diversit\u00e9 sous toutes ses formes et en promouvant l'inclusion effective, les entreprises et organisations pourront tirer parti d'une multitude d'id\u00e9es et de perspectives pour devenir plus performantes. <\/p>\n<!-- \/wp:paragraph -->\n\n<!-- wp:paragraph -->\n<p>Nous le constatons r\u00e9guli\u00e8rement lors de nos diverses interventions: lorsqu'une personne se sent respect\u00e9e et incluse, elle est plus encline \u00e0 collaborer, partager ses connaissances et proposer des solutions innovantes.<\/p>\n<!-- \/wp:paragraph -->\n\n<!-- wp:paragraph -->\n<p>Que pensez-vous de ces strat\u00e9gies de pr\u00e9vention du harc\u00e8lement au travail? Partagez vos r\u00e9flexions et vos exp\u00e9riences dans les commentaires ci-dessous.<\/p>\n<!-- \/wp:paragraph -->\n\n<!-- wp:paragraph -->\n<p>(1) Nous pr\u00e9conisons la mise en place d'une plateforme d'\u00e9coute externe et ind\u00e9pendante qui permettra aux personnes, cibles ou t\u00e9moins, de se sentir en s\u00e9curit\u00e9 pour t\u00e9moigner. \ud83d\udc49 <a href=\"http:\/\/www.platform.rez-care.com\" target=\"_blank\" rel=\"noreferrer noopener\">platform.rez-care.com<\/a> <\/p>\n<!-- \/wp:paragraph -->\n\n<!-- wp:heading -->\n<h2 class=\"wp-block-heading\"><strong>D\u00e9couvrez nos solutions...<\/strong><\/h2>\n<!-- \/wp:heading -->\n\n<!-- wp:columns -->\n<div class=\"wp-block-columns\"><!-- wp:column {\"width\":\"100%\"} -->\n<div class=\"wp-block-column\" style=\"flex-basis:100%\"><!-- wp:paragraph -->\n<p>\u2705 <a href=\"https:\/\/rez-care.com\/soutien-individuel\/\">Soutien individuel<\/a><br>\u2705 <a href=\"https:\/\/rez-care.com\/solutions-entreprises\/\">Solutions entreprises et organisations<\/a><br>\u2705 Sensibilisation g\u00e9n\u00e9rale via <a href=\"http:\/\/www.rezalliance.com\">Rezalliance<\/a> association, \u00e0 travers la \"Journ\u00e9e internationale contre le harc\u00e8lement et pour l'inclusion dans le monde du travail\" (<a href=\"http:\/\/www.24may.org\">www.24may.org<\/a>)<\/p>\n<!-- \/wp:paragraph --><\/div>\n<!-- \/wp:column --><\/div>\n<!-- \/wp:columns -->\n\n<!-- wp:paragraph -->\n<p><\/p>\n<!-- \/wp:paragraph -->","_et_gb_content_width":"","footnotes":""},"categories":[1],"tags":[],"class_list":["post-29657","post","type-post","status-publish","format-standard","has-post-thumbnail","hentry","category-uncategorized"],"yoast_head":"<!-- This site is optimized with the Yoast SEO plugin v27.4 - https:\/\/yoast.com\/product\/yoast-seo-wordpress\/ -->\n<title>Les micro-agressions minent la sant\u00e9 au travail.<\/title>\n<meta name=\"description\" content=\"Les micro-agressions sont des attitudes ou paroles subtiles dont l&#039;effet cumulatif peut se r\u00e9v\u00e9ler destructeur et miner la sant\u00e9 au travail.\" \/>\n<meta name=\"robots\" content=\"index, follow, max-snippet:-1, max-image-preview:large, max-video-preview:-1\" \/>\n<link rel=\"canonical\" href=\"https:\/\/rez-care.com\/fr\/micro-agressions-minent-la-sante-au-travail\/\" \/>\n<meta property=\"og:locale\" content=\"fr_FR\" \/>\n<meta property=\"og:type\" content=\"article\" \/>\n<meta property=\"og:title\" content=\"Les micro-agressions minent la sant\u00e9 au travail.\" \/>\n<meta property=\"og:description\" content=\"Les micro-agressions sont des attitudes ou paroles subtiles dont l&#039;effet cumulatif peut se r\u00e9v\u00e9ler destructeur et miner la sant\u00e9 au travail.\" \/>\n<meta property=\"og:url\" content=\"https:\/\/rez-care.com\/fr\/micro-agressions-minent-la-sante-au-travail\/\" \/>\n<meta property=\"og:site_name\" content=\"rez-care.com\" \/>\n<meta property=\"article:published_time\" content=\"2025-02-03T14:54:41+00:00\" \/>\n<meta property=\"article:modified_time\" content=\"2026-02-08T17:10:40+00:00\" \/>\n<meta property=\"og:image\" content=\"https:\/\/rez-care.com\/wp-content\/uploads\/2025\/01\/Micro-agression-2.png\" \/>\n\t<meta property=\"og:image:width\" content=\"1200\" \/>\n\t<meta property=\"og:image:height\" content=\"1200\" \/>\n\t<meta property=\"og:image:type\" content=\"image\/png\" \/>\n<meta name=\"author\" content=\"Joelle Payom\" \/>\n<meta name=\"twitter:card\" content=\"summary_large_image\" \/>\n<meta name=\"twitter:label1\" content=\"\u00c9crit par\" \/>\n\t<meta name=\"twitter:data1\" content=\"Joelle Payom\" \/>\n\t<meta name=\"twitter:label2\" content=\"Dur\u00e9e de lecture estim\u00e9e\" \/>\n\t<meta name=\"twitter:data2\" content=\"5 minutes\" \/>\n<script type=\"application\/ld+json\" class=\"yoast-schema-graph\">{\"@context\":\"https:\\\/\\\/schema.org\",\"@graph\":[{\"@type\":\"Article\",\"@id\":\"https:\\\/\\\/rez-care.com\\\/micro-agressions-minent-la-sante-au-travail\\\/#article\",\"isPartOf\":{\"@id\":\"https:\\\/\\\/rez-care.com\\\/micro-agressions-minent-la-sante-au-travail\\\/\"},\"author\":{\"name\":\"Joelle Payom\",\"@id\":\"https:\\\/\\\/rez-care.com\\\/#\\\/schema\\\/person\\\/b43b4a3a7ba847bd1bc87d1c3054bf69\"},\"headline\":\"Les micro-agressions minent la sant\u00e9 au travail.\",\"datePublished\":\"2025-02-03T14:54:41+00:00\",\"dateModified\":\"2026-02-08T17:10:40+00:00\",\"mainEntityOfPage\":{\"@id\":\"https:\\\/\\\/rez-care.com\\\/micro-agressions-minent-la-sante-au-travail\\\/\"},\"wordCount\":992,\"publisher\":{\"@id\":\"https:\\\/\\\/rez-care.com\\\/#organization\"},\"image\":{\"@id\":\"https:\\\/\\\/rez-care.com\\\/micro-agressions-minent-la-sante-au-travail\\\/#primaryimage\"},\"thumbnailUrl\":\"https:\\\/\\\/rez-care.com\\\/wp-content\\\/uploads\\\/2025\\\/01\\\/Micro-agression-2.png\",\"articleSection\":[\"Uncategorized\"],\"inLanguage\":\"fr-FR\"},{\"@type\":\"WebPage\",\"@id\":\"https:\\\/\\\/rez-care.com\\\/micro-agressions-minent-la-sante-au-travail\\\/\",\"url\":\"https:\\\/\\\/rez-care.com\\\/micro-agressions-minent-la-sante-au-travail\\\/\",\"name\":\"Les micro-agressions minent la sant\u00e9 au travail.\",\"isPartOf\":{\"@id\":\"https:\\\/\\\/rez-care.com\\\/#website\"},\"primaryImageOfPage\":{\"@id\":\"https:\\\/\\\/rez-care.com\\\/micro-agressions-minent-la-sante-au-travail\\\/#primaryimage\"},\"image\":{\"@id\":\"https:\\\/\\\/rez-care.com\\\/micro-agressions-minent-la-sante-au-travail\\\/#primaryimage\"},\"thumbnailUrl\":\"https:\\\/\\\/rez-care.com\\\/wp-content\\\/uploads\\\/2025\\\/01\\\/Micro-agression-2.png\",\"datePublished\":\"2025-02-03T14:54:41+00:00\",\"dateModified\":\"2026-02-08T17:10:40+00:00\",\"description\":\"Les micro-agressions sont des attitudes ou paroles subtiles dont l'effet cumulatif peut se r\u00e9v\u00e9ler destructeur et miner la sant\u00e9 au travail.\",\"breadcrumb\":{\"@id\":\"https:\\\/\\\/rez-care.com\\\/micro-agressions-minent-la-sante-au-travail\\\/#breadcrumb\"},\"inLanguage\":\"fr-FR\",\"potentialAction\":[{\"@type\":\"ReadAction\",\"target\":[\"https:\\\/\\\/rez-care.com\\\/micro-agressions-minent-la-sante-au-travail\\\/\"]}]},{\"@type\":\"ImageObject\",\"inLanguage\":\"fr-FR\",\"@id\":\"https:\\\/\\\/rez-care.com\\\/micro-agressions-minent-la-sante-au-travail\\\/#primaryimage\",\"url\":\"https:\\\/\\\/rez-care.com\\\/wp-content\\\/uploads\\\/2025\\\/01\\\/Micro-agression-2.png\",\"contentUrl\":\"https:\\\/\\\/rez-care.com\\\/wp-content\\\/uploads\\\/2025\\\/01\\\/Micro-agression-2.png\",\"width\":1200,\"height\":1200},{\"@type\":\"BreadcrumbList\",\"@id\":\"https:\\\/\\\/rez-care.com\\\/micro-agressions-minent-la-sante-au-travail\\\/#breadcrumb\",\"itemListElement\":[{\"@type\":\"ListItem\",\"position\":1,\"name\":\"Accueil\",\"item\":\"https:\\\/\\\/rez-care.com\\\/\"},{\"@type\":\"ListItem\",\"position\":2,\"name\":\"Les micro-agressions minent la sant\u00e9 au travail.\"}]},{\"@type\":\"WebSite\",\"@id\":\"https:\\\/\\\/rez-care.com\\\/#website\",\"url\":\"https:\\\/\\\/rez-care.com\\\/\",\"name\":\"La plateforme rez-care.com\",\"description\":\"Pr\u00e9vention des risques psychosociaux et harc\u00e8lement au travail\",\"publisher\":{\"@id\":\"https:\\\/\\\/rez-care.com\\\/#organization\"},\"potentialAction\":[{\"@type\":\"SearchAction\",\"target\":{\"@type\":\"EntryPoint\",\"urlTemplate\":\"https:\\\/\\\/rez-care.com\\\/?s={search_term_string}\"},\"query-input\":{\"@type\":\"PropertyValueSpecification\",\"valueRequired\":true,\"valueName\":\"search_term_string\"}}],\"inLanguage\":\"fr-FR\"},{\"@type\":\"Organization\",\"@id\":\"https:\\\/\\\/rez-care.com\\\/#organization\",\"name\":\"La plateforme rez-care.com\",\"url\":\"https:\\\/\\\/rez-care.com\\\/\",\"logo\":{\"@type\":\"ImageObject\",\"inLanguage\":\"fr-FR\",\"@id\":\"https:\\\/\\\/rez-care.com\\\/#\\\/schema\\\/logo\\\/image\\\/\",\"url\":\"https:\\\/\\\/rez-care.com\\\/wp-content\\\/uploads\\\/2024\\\/02\\\/logo.png\",\"contentUrl\":\"https:\\\/\\\/rez-care.com\\\/wp-content\\\/uploads\\\/2024\\\/02\\\/logo.png\",\"width\":222,\"height\":227,\"caption\":\"La plateforme rez-care.com\"},\"image\":{\"@id\":\"https:\\\/\\\/rez-care.com\\\/#\\\/schema\\\/logo\\\/image\\\/\"}},{\"@type\":\"Person\",\"@id\":\"https:\\\/\\\/rez-care.com\\\/#\\\/schema\\\/person\\\/b43b4a3a7ba847bd1bc87d1c3054bf69\",\"name\":\"Joelle Payom\",\"image\":{\"@type\":\"ImageObject\",\"inLanguage\":\"fr-FR\",\"@id\":\"https:\\\/\\\/secure.gravatar.com\\\/avatar\\\/7081bc0902fe5b99187f6c5d46cb4dd368eac4d8fc04ae56a85e5fac5ba17591?s=96&d=mm&r=g\",\"url\":\"https:\\\/\\\/secure.gravatar.com\\\/avatar\\\/7081bc0902fe5b99187f6c5d46cb4dd368eac4d8fc04ae56a85e5fac5ba17591?s=96&d=mm&r=g\",\"contentUrl\":\"https:\\\/\\\/secure.gravatar.com\\\/avatar\\\/7081bc0902fe5b99187f6c5d46cb4dd368eac4d8fc04ae56a85e5fac5ba17591?s=96&d=mm&r=g\",\"caption\":\"Joelle Payom\"},\"url\":\"https:\\\/\\\/rez-care.com\\\/fr\\\/author\\\/joelle\\\/\"}]}<\/script>\n<!-- \/ Yoast SEO plugin. -->","yoast_head_json":{"title":"Les micro-agressions minent la sant\u00e9 au travail.","description":"Les micro-agressions sont des attitudes ou paroles subtiles dont l'effet cumulatif peut se r\u00e9v\u00e9ler destructeur et miner la sant\u00e9 au travail.","robots":{"index":"index","follow":"follow","max-snippet":"max-snippet:-1","max-image-preview":"max-image-preview:large","max-video-preview":"max-video-preview:-1"},"canonical":"https:\/\/rez-care.com\/fr\/micro-agressions-minent-la-sante-au-travail\/","og_locale":"fr_FR","og_type":"article","og_title":"Les micro-agressions minent la sant\u00e9 au travail.","og_description":"Les micro-agressions sont des attitudes ou paroles subtiles dont l'effet cumulatif peut se r\u00e9v\u00e9ler destructeur et miner la sant\u00e9 au travail.","og_url":"https:\/\/rez-care.com\/fr\/micro-agressions-minent-la-sante-au-travail\/","og_site_name":"rez-care.com","article_published_time":"2025-02-03T14:54:41+00:00","article_modified_time":"2026-02-08T17:10:40+00:00","og_image":[{"width":1200,"height":1200,"url":"https:\/\/rez-care.com\/wp-content\/uploads\/2025\/01\/Micro-agression-2.png","type":"image\/png"}],"author":"Joelle Payom","twitter_card":"summary_large_image","twitter_misc":{"\u00c9crit par":"Joelle Payom","Dur\u00e9e de lecture estim\u00e9e":"5 minutes"},"schema":{"@context":"https:\/\/schema.org","@graph":[{"@type":"Article","@id":"https:\/\/rez-care.com\/micro-agressions-minent-la-sante-au-travail\/#article","isPartOf":{"@id":"https:\/\/rez-care.com\/micro-agressions-minent-la-sante-au-travail\/"},"author":{"name":"Joelle Payom","@id":"https:\/\/rez-care.com\/#\/schema\/person\/b43b4a3a7ba847bd1bc87d1c3054bf69"},"headline":"Les micro-agressions minent la sant\u00e9 au travail.","datePublished":"2025-02-03T14:54:41+00:00","dateModified":"2026-02-08T17:10:40+00:00","mainEntityOfPage":{"@id":"https:\/\/rez-care.com\/micro-agressions-minent-la-sante-au-travail\/"},"wordCount":992,"publisher":{"@id":"https:\/\/rez-care.com\/#organization"},"image":{"@id":"https:\/\/rez-care.com\/micro-agressions-minent-la-sante-au-travail\/#primaryimage"},"thumbnailUrl":"https:\/\/rez-care.com\/wp-content\/uploads\/2025\/01\/Micro-agression-2.png","articleSection":["Uncategorized"],"inLanguage":"fr-FR"},{"@type":"WebPage","@id":"https:\/\/rez-care.com\/micro-agressions-minent-la-sante-au-travail\/","url":"https:\/\/rez-care.com\/micro-agressions-minent-la-sante-au-travail\/","name":"Les micro-agressions minent la sant\u00e9 au travail.","isPartOf":{"@id":"https:\/\/rez-care.com\/#website"},"primaryImageOfPage":{"@id":"https:\/\/rez-care.com\/micro-agressions-minent-la-sante-au-travail\/#primaryimage"},"image":{"@id":"https:\/\/rez-care.com\/micro-agressions-minent-la-sante-au-travail\/#primaryimage"},"thumbnailUrl":"https:\/\/rez-care.com\/wp-content\/uploads\/2025\/01\/Micro-agression-2.png","datePublished":"2025-02-03T14:54:41+00:00","dateModified":"2026-02-08T17:10:40+00:00","description":"Les micro-agressions sont des attitudes ou paroles subtiles dont l'effet cumulatif peut se r\u00e9v\u00e9ler destructeur et miner la sant\u00e9 au travail.","breadcrumb":{"@id":"https:\/\/rez-care.com\/micro-agressions-minent-la-sante-au-travail\/#breadcrumb"},"inLanguage":"fr-FR","potentialAction":[{"@type":"ReadAction","target":["https:\/\/rez-care.com\/micro-agressions-minent-la-sante-au-travail\/"]}]},{"@type":"ImageObject","inLanguage":"fr-FR","@id":"https:\/\/rez-care.com\/micro-agressions-minent-la-sante-au-travail\/#primaryimage","url":"https:\/\/rez-care.com\/wp-content\/uploads\/2025\/01\/Micro-agression-2.png","contentUrl":"https:\/\/rez-care.com\/wp-content\/uploads\/2025\/01\/Micro-agression-2.png","width":1200,"height":1200},{"@type":"BreadcrumbList","@id":"https:\/\/rez-care.com\/micro-agressions-minent-la-sante-au-travail\/#breadcrumb","itemListElement":[{"@type":"ListItem","position":1,"name":"Accueil","item":"https:\/\/rez-care.com\/"},{"@type":"ListItem","position":2,"name":"Les micro-agressions minent la sant\u00e9 au travail."}]},{"@type":"WebSite","@id":"https:\/\/rez-care.com\/#website","url":"https:\/\/rez-care.com\/","name":"La plateforme rez-care.com","description":"Pr\u00e9vention des risques psychosociaux et harc\u00e8lement au travail","publisher":{"@id":"https:\/\/rez-care.com\/#organization"},"potentialAction":[{"@type":"SearchAction","target":{"@type":"EntryPoint","urlTemplate":"https:\/\/rez-care.com\/?s={search_term_string}"},"query-input":{"@type":"PropertyValueSpecification","valueRequired":true,"valueName":"search_term_string"}}],"inLanguage":"fr-FR"},{"@type":"Organization","@id":"https:\/\/rez-care.com\/#organization","name":"La plateforme rez-care.com","url":"https:\/\/rez-care.com\/","logo":{"@type":"ImageObject","inLanguage":"fr-FR","@id":"https:\/\/rez-care.com\/#\/schema\/logo\/image\/","url":"https:\/\/rez-care.com\/wp-content\/uploads\/2024\/02\/logo.png","contentUrl":"https:\/\/rez-care.com\/wp-content\/uploads\/2024\/02\/logo.png","width":222,"height":227,"caption":"La plateforme rez-care.com"},"image":{"@id":"https:\/\/rez-care.com\/#\/schema\/logo\/image\/"}},{"@type":"Person","@id":"https:\/\/rez-care.com\/#\/schema\/person\/b43b4a3a7ba847bd1bc87d1c3054bf69","name":"Joelle Payom","image":{"@type":"ImageObject","inLanguage":"fr-FR","@id":"https:\/\/secure.gravatar.com\/avatar\/7081bc0902fe5b99187f6c5d46cb4dd368eac4d8fc04ae56a85e5fac5ba17591?s=96&d=mm&r=g","url":"https:\/\/secure.gravatar.com\/avatar\/7081bc0902fe5b99187f6c5d46cb4dd368eac4d8fc04ae56a85e5fac5ba17591?s=96&d=mm&r=g","contentUrl":"https:\/\/secure.gravatar.com\/avatar\/7081bc0902fe5b99187f6c5d46cb4dd368eac4d8fc04ae56a85e5fac5ba17591?s=96&d=mm&r=g","caption":"Joelle Payom"},"url":"https:\/\/rez-care.com\/fr\/author\/joelle\/"}]}},"_links":{"self":[{"href":"https:\/\/rez-care.com\/fr\/wp-json\/wp\/v2\/posts\/29657","targetHints":{"allow":["GET"]}}],"collection":[{"href":"https:\/\/rez-care.com\/fr\/wp-json\/wp\/v2\/posts"}],"about":[{"href":"https:\/\/rez-care.com\/fr\/wp-json\/wp\/v2\/types\/post"}],"author":[{"embeddable":true,"href":"https:\/\/rez-care.com\/fr\/wp-json\/wp\/v2\/users\/2"}],"replies":[{"embeddable":true,"href":"https:\/\/rez-care.com\/fr\/wp-json\/wp\/v2\/comments?post=29657"}],"version-history":[{"count":17,"href":"https:\/\/rez-care.com\/fr\/wp-json\/wp\/v2\/posts\/29657\/revisions"}],"predecessor-version":[{"id":30056,"href":"https:\/\/rez-care.com\/fr\/wp-json\/wp\/v2\/posts\/29657\/revisions\/30056"}],"wp:featuredmedia":[{"embeddable":true,"href":"https:\/\/rez-care.com\/fr\/wp-json\/wp\/v2\/media\/29652"}],"wp:attachment":[{"href":"https:\/\/rez-care.com\/fr\/wp-json\/wp\/v2\/media?parent=29657"}],"wp:term":[{"taxonomy":"category","embeddable":true,"href":"https:\/\/rez-care.com\/fr\/wp-json\/wp\/v2\/categories?post=29657"},{"taxonomy":"post_tag","embeddable":true,"href":"https:\/\/rez-care.com\/fr\/wp-json\/wp\/v2\/tags?post=29657"}],"curies":[{"name":"wp","href":"https:\/\/api.w.org\/{rel}","templated":true}]}}