{"id":29602,"date":"2025-01-21T17:48:16","date_gmt":"2025-01-21T16:48:16","guid":{"rendered":"https:\/\/rez-care.com\/?p=29602"},"modified":"2026-02-08T18:10:52","modified_gmt":"2026-02-08T17:10:52","slug":"burn-out-ou-harcelement-comprendre-pour-mieux-agir","status":"publish","type":"post","link":"https:\/\/rez-care.com\/fr\/burn-out-ou-harcelement-comprendre-pour-mieux-agir\/","title":{"rendered":"Burn-out ou harc\u00e8lement : Comprendre pour mieux agir."},"content":{"rendered":"\n<figure class=\"wp-block-image aligncenter size-full is-style-default\"><img loading=\"lazy\" decoding=\"async\" width=\"1200\" height=\"1200\" src=\"https:\/\/rez-care.com\/wp-content\/uploads\/2025\/01\/Burnout.png\" alt=\"\" class=\"wp-image-29616\" srcset=\"https:\/\/rez-care.com\/wp-content\/uploads\/2025\/01\/Burnout.png 1200w, https:\/\/rez-care.com\/wp-content\/uploads\/2025\/01\/Burnout-980x980.png 980w, https:\/\/rez-care.com\/wp-content\/uploads\/2025\/01\/Burnout-480x480.png 480w\" sizes=\"(min-width: 0px) and (max-width: 480px) 480px, (min-width: 481px) and (max-width: 980px) 980px, (min-width: 981px) 1200px, 100vw\" \/><\/figure>\n\n\n\n<h2 class=\"wp-block-heading\">Un paravent qui cache des d\u00e9faillances structurelles et syst\u00e9miques.<\/h2>\n\n\n\n<p><\/p>\n\n\n\n<p>Dans le monde du travail, l&rsquo;\u00e9puisement professionnel, souvent d\u00e9sign\u00e9 sous le terme de <em>burn-out<\/em>, touche un nombre croissant de salari\u00e9s. Mais selon une \u00e9tude du Bureau International du Travail, <strong>31% des cas de burnout seraient dus au harc\u00e8lement<\/strong>. Par ce qu&rsquo;il ne s&rsquo;agit pas uniquement de surcharge de travail, le burn-out peut masquer des probl\u00e9matiques bien plus complexes en lien avec le <strong>harc\u00e8lement et discriminations sous toutes les formes,<\/strong> qui n\u00e9cessitent une prise en charge sp\u00e9cifique. Dans cet article, nous allons explorer la n\u00e9cessaire distinction \u00e0 faire entre ces deux formes d&rsquo;\u00e9puisement pour \u00eatre en mesure d&rsquo;apporter des <strong>r\u00e9ponses cibl\u00e9es<\/strong> donc efficaces.<\/p>\n\n\n\n<p>Si vous pensez-vous que votre organisation est \u00e0 l\u2019abri de ces risques, d\u00e9trompez-vous. Ignorer les signaux peut co\u00fbter cher, tant humainement que financi\u00e8rement.<\/p>\n\n\n\n<h2 class=\"wp-block-heading\">1\ufe0f\u20e3 Risques psychosociaux : un enjeu de sant\u00e9 au travail.<\/h2>\n\n\n\n<p>Les risques psychosociaux (RPS) d\u00e9signent des situations de travail susceptibles de nuire \u00e0 la sant\u00e9 mentale ou physique des employ\u00e9s. Le <strong><strong><a href=\"https:\/\/travail-emploi.gouv.fr\/mesurer-les-facteurs-psychosociaux-de-risque-au-travail-pour-les-maitriser\">rapport Gollac [<\/a><a href=\"https:\/\/travail-emploi.gouv.fr\/mesurer-les-facteurs-psychosociaux-de-risque-au-travail-pour-les-maitriser\" target=\"_blank\" rel=\"noreferrer noopener\">France<\/a><a href=\"https:\/\/travail-emploi.gouv.fr\/mesurer-les-facteurs-psychosociaux-de-risque-au-travail-pour-les-maitriser\">]<\/a><\/strong><\/strong>, r\u00e9f\u00e9rence dans le domaine, identifie six grandes cat\u00e9gories de facteurs de risque. Voici ces cat\u00e9gories, enrichies d\u2019exemples concrets pour mieux les illustrer :<\/p>\n\n\n\n<ol class=\"wp-block-list\">\n<li><strong>Intensit\u00e9 et organisation du travail<\/strong>\n<ul class=\"wp-block-list\">\n<li>Une surcharge de travail ou des objectifs irr\u00e9alistes provoquent un stress constant et augmentent le risque d\u2019\u00e9puisement.<\/li>\n\n\n\n<li>Des d\u00e9lais impossibles \u00e0 tenir ou une mauvaise r\u00e9partition des t\u00e2ches renforcent la pression sur les employ\u00e9s.<\/li>\n<\/ul>\n<\/li>\n\n\n\n<li><strong>Exigences \u00e9motionnelles<\/strong>\n<ul class=\"wp-block-list\">\n<li>La confrontation \u00e0 des situations \u00e9prouvantes (souffrance, mort, d\u00e9tresse) alourdit la charge \u00e9motionnelle.<\/li>\n\n\n\n<li>Une dissonance \u00e9motionnelle, o\u00f9 les employ\u00e9s doivent masquer leurs \u00e9motions r\u00e9elles, peut exacerber leur mal-\u00eatre.<\/li>\n<\/ul>\n<\/li>\n\n\n\n<li><strong>Autonomie r\u00e9duite<\/strong>\n<ul class=\"wp-block-list\">\n<li>Le manque de marge de man\u0153uvre ou l\u2019impossibilit\u00e9 de s\u2019impliquer dans les d\u00e9cisions concernant son travail entra\u00eenent un sentiment d\u2019impuissance.<\/li>\n\n\n\n<li>Une supervision excessive ou un manque de flexibilit\u00e9 amplifient la frustration.<\/li>\n<\/ul>\n<\/li>\n\n\n\n<li><strong>Relations de travail d\u00e9t\u00e9rior\u00e9es<\/strong>\n<ul class=\"wp-block-list\">\n<li>Les conflits interpersonnels, les comportements toxiques ou un management autoritaire affectent la dynamique d\u2019\u00e9quipe.<\/li>\n\n\n\n<li><strong>Discrimination et harc\u00e8lement<\/strong>, qu\u2019ils soient moraux ou sexuels, ont des effets d\u00e9vastateurs sur la sant\u00e9 mentale des victimes.<\/li>\n<\/ul>\n<\/li>\n\n\n\n<li><strong>Conflits de valeurs<\/strong>\n<ul class=\"wp-block-list\">\n<li>Une discordance entre les attentes de l\u2019organisation et les valeurs personnelles des employ\u00e9s peut g\u00e9n\u00e9rer une d\u00e9tresse morale.<\/li>\n\n\n\n<li>Les employ\u00e9s peuvent ressentir un mal-\u00eatre face \u00e0 des pratiques qu\u2019ils jugent contraires \u00e0 leur \u00e9thique.<\/li>\n<\/ul>\n<\/li>\n\n\n\n<li><strong>Ins\u00e9curit\u00e9 de l\u2019emploi<\/strong>\n<ul class=\"wp-block-list\">\n<li>La crainte de perdre son poste ou une situation professionnelle pr\u00e9caire alimente un stress chronique.<\/li>\n\n\n\n<li>Les restructurations fr\u00e9quentes ou le manque de perspectives de carri\u00e8re accentuent cette ins\u00e9curit\u00e9.<\/li>\n<\/ul>\n<\/li>\n<\/ol>\n\n\n\n<p>Les RPS ne se limitent pas \u00e0 la surcharge de travail. Ils sont souvent le r\u00e9sultat de multiples facteurs organisationnels et relationnels, exacerb\u00e9s par des comportements toxiques, la malveillance volontaire, ou la maltraitance. Une d\u00e9marche proactive, en s\u2019appuyant sur ces cl\u00e9s d\u2019analyse, permet de mieux pr\u00e9venir ces risques.<\/p>\n\n\n\n<p>\ud83d\udca1 En r\u00e9sum\u00e9, les RPS englobent des facteurs multiples qui impactent \u00e0 la fois la performance des salari\u00e9s et la sant\u00e9 des organisations. Votre environnement de travail favorise-t-il une collaboration saine ou un stress chronique ? Analysez vos pratiques pour \u00e9viter le pire !<\/p>\n\n\n\n<h2 class=\"wp-block-heading\">2\ufe0f\u20e3 Burn-out : le sympt\u00f4me d&rsquo;une surcharge mentale.<\/h2>\n\n\n\n<p><\/p>\n\n\n\n<p>Le burn-out est un \u00e9tat d&rsquo;\u00e9puisement physique et mental qui peut r\u00e9sulter d\u2019une surcharge de travail, de responsabilit\u00e9s dans la sph\u00e8re priv\u00e9e, ou d\u2019un d\u00e9s\u00e9quilibre entre les exigences professionnelles et les ressources disponibles pour y faire face. Il se manifeste par une fatigue intense, une perte de motivation et une diminution de la performance de l&rsquo;individu.<\/p>\n\n\n\n<h4 class=\"wp-block-heading\"><strong>Causes principales<\/strong> :<\/h4>\n\n\n\n<p>\ud83d\udd3bUne charge de travail trop importante sans ressources suffisantes.<\/p>\n\n\n\n<p>\ud83d\udd3bUn manque d\u2019autonomie dans l\u2019organisation du travail.<\/p>\n\n\n\n<p>\ud83d\udd3bUn d\u00e9s\u00e9quilibre entre les attentes professionnelles et les capacit\u00e9s individuelles.<\/p>\n\n\n\n<p><\/p>\n\n\n\n<p>Le burn-out est souvent associ\u00e9 \u00e0 des environnements de travail o\u00f9 l\u2019on attend des employ\u00e9s qu\u2019ils en fassent toujours plus, sans prendre en compte leur bien-\u00eatre ni leur d\u00e9veloppement personnel. Si ce type d&rsquo;\u00e9puisement est bien identifiables, il peut \u00eatre trait\u00e9 par du repos, des ajustements dans l\u2019organisation du travail, voire une reconversion professionnelle.<\/p>\n\n\n\n<p>\ud83d\udca1 Et si vos \u00e9quipes surcharg\u00e9es \u00e9taient \u00e0 deux pas de l\u2019\u00e9puisement ? Saurez-vous identifier les signes avant coureurs ?<\/p>\n\n\n\n<p><\/p>\n\n\n\n<h2 class=\"wp-block-heading\">3\ufe0f\u20e3 Harc\u00e8lement : une atteinte \u00e0 l&rsquo;int\u00e9grit\u00e9 des individus.<\/h2>\n\n\n\n<p><\/p>\n\n\n\n<p>En revanche, l&rsquo;\u00e9puisement d\u00fb au harc\u00e8lement et aux violences psychologiques (morales ou sexuelles) est bien plus complexe. Il est souvent sous-estim\u00e9, car les sympt\u00f4mes peuvent se confondre avec ceux du burn-out classique, mais les racines du probl\u00e8me sont diff\u00e9rentes. Le harc\u00e8lement attaque directement l\u2019int\u00e9grit\u00e9 de la personne, cr\u00e9ant un climat de peur, de d\u00e9valorisation et de souffrance psychologique profonde.<\/p>\n\n\n\n<p>Les cons\u00e9quences du harc\u00e8lement ne se limitent pas \u00e0 un \u00e9puisement, mais provoquent \u00e9galement des troubles \u00e9motionnels, tels que la d\u00e9pression, l\u2019anxi\u00e9t\u00e9 et des troubles de stress post-traumatique. Ce type d\u2019\u00e9puisement n\u00e9cessite une prise en charge sp\u00e9cifique qui va bien au-del\u00e0 du simple repos. Il est important de comprendre qu\u2019il s\u2019agit d\u2019une blessure psychologique qui requiert non seulement une reconnaissance de la souffrance, un soutien th\u00e9rapeutique mais \u00e9galement des mesures de protection voire d&rsquo;accompagnement juridique.<\/p>\n\n\n\n<p>\ud83d\udca1 Le harc\u00e8lement moral, sexuel ou discriminatoire g\u00e9n\u00e8re un stress permanent, une perte d&rsquo;estime de soi, et peut mener \u00e0 des troubles d\u00e9pressifs ou des id\u00e9es suicidaires. Savez-vous comment agir si un salari\u00e9 signale une situation de harc\u00e8lement ? La bonne r\u00e9action peut faire toute la diff\u00e9rence.<\/p>\n\n\n\n<p><\/p>\n\n\n\n<h2 class=\"wp-block-heading\">4\ufe0f\u20e3 Pourquoi il est essentiel de faire la distinction ?<\/h2>\n\n\n\n<p><\/p>\n\n\n\n<p>Lors d\u2019un de nos ateliers <em>Emergences<\/em>, un point cl\u00e9 a \u00e9merg\u00e9 : la difficult\u00e9 pour beaucoup de diff\u00e9rencier un \u00e9puisement li\u00e9 \u00e0 un dysfonctionnement organisationnel d\u2019un \u00e9puisement caus\u00e9 par une atteinte \u00e0 l\u2019int\u00e9grit\u00e9 des personnes.<\/p>\n\n\n\n<p>Or, cette distinction est fondamentale pour identifier les causes profondes de la souffrance au travail et proposer une r\u00e9ponse adapt\u00e9e.<\/p>\n\n\n\n<ul class=\"wp-block-list\">\n<li><strong>Le burn-out<\/strong>, est une r\u00e9ponse \u00e0 une surcharge prolong\u00e9e. Il n\u00e9cessite des ajustements organisationnels, une p\u00e9riode de repos et un soutien individuel.<\/li>\n\n\n\n<li><strong>Le harc\u00e8lement<\/strong> est une violence cibl\u00e9e et r\u00e9p\u00e9t\u00e9e qui affecte directement la dignit\u00e9 et la sant\u00e9 des individus. Il peut engendrer des traumatismes profonds et durables.  <br>Ces situations n\u00e9cessitent :\n<ul class=\"wp-block-list\">\n<li><strong>Des mesures de signalement et de protection<\/strong> <\/li>\n\n\n\n<li><strong>Un accompagnement th\u00e9rapeutique sp\u00e9cifique<\/strong> pour aider la victime \u00e0 se reconstruire.<\/li>\n\n\n\n<li><strong>Des actions concr\u00e8tes et imm\u00e9diates<\/strong> pour stopper les comportements toxiques et garantir la s\u00e9curit\u00e9 de la personne cibl\u00e9e.<\/li>\n<\/ul>\n<\/li>\n<\/ul>\n\n\n\n<p>\ud83d\udca1 En r\u00e9sum\u00e9, le burn-out r\u00e9sulte souvent d\u2019une surcharge de travail, tandis que le harc\u00e8lement implique une atteinte directe \u00e0 l\u2019int\u00e9grit\u00e9 de l\u2019individu. Reconna\u00eetre ces diff\u00e9rences est essentiel pour offrir un soutien adapt\u00e9, pr\u00e9venir les r\u00e9cidives, et contribuer \u00e0 un environnement de travail sain et respectueux.<\/p>\n\n\n\n<h2 class=\"wp-block-heading\">5\ufe0f\u20e3 Mieux comprendre pour mieux accompagner<\/h2>\n\n\n\n<p><\/p>\n\n\n\n<p>La toxicit\u00e9 au travail entra\u00eene des atteintes \u00e0 l\u2019int\u00e9grit\u00e9 qui peuvent provoquer des traumatismes profonds, accompagn\u00e9s d\u2019un \u00e9puisement susceptible d\u2019\u00e9voluer en d\u00e9pression s\u00e9v\u00e8re sans un accompagnement psychologique rapide et adapt\u00e9. \u00c0 l\u2019inverse, l\u2019\u00e9puisement psychique li\u00e9 uniquement \u00e0 une surcharge de travail \u2013 qu\u2019elle soit professionnelle ou personnelle \u2013 devrait pouvoir \u00eatre att\u00e9nu\u00e9 gr\u00e2ce \u00e0 du repos et \u00e0 une r\u00e9organisation permettant de r\u00e9tablir un \u00e9quilibre dans la charge mentale. Cependant, si les sympt\u00f4mes persistent malgr\u00e9 ces ajustements, il est crucial d\u2019explorer des causes plus profondes.<\/p>\n\n\n\n<p>Adopter une approche personnalis\u00e9e, attentive aux sp\u00e9cificit\u00e9s de chaque situation, est essentiel pour accompagner efficacement les individus en souffrance. Lorsque l\u2019\u00e9puisement r\u00e9sulte d\u2019une atteinte \u00e0 l\u2019int\u00e9grit\u00e9, le chemin vers la gu\u00e9rison peut \u00eatre plus long, mais il reste possible gr\u00e2ce \u00e0 un soutien adapt\u00e9.<\/p>\n\n\n\n<p>Face \u00e0 l\u2019\u00e9puisement professionnel, agir rapidement et poser les bonnes questions \u2013 surcharge de travail ou atteinte \u00e0 l\u2019int\u00e9grit\u00e9 ? \u2013 est indispensable pour offrir des solutions solutions cibl\u00e9es de pr\u00e9vention des risques. Anticiper ces risques implique une combinaison de sensibilisation, d\u2019\u00e9coute, et d\u2019actions proactives pour b\u00e2tir une culture de bientraitance. N\u2019attendez pas que le mal-\u00eatre se transforme en souffrance durable, sur notre <a href=\"https:\/\/platform.rez-care.com\/\" target=\"_blank\" rel=\"noreferrer noopener\">plateforme <em>Rez-care<\/em><\/a>, nous vous aidons \u00e0 \u00e9valuer ces situations et \u00e0 trouver des r\u00e9ponses concr\u00e8tes.<\/p>\n\n\n\n<p><\/p>\n\n\n\n<p>\u2139\ufe0f Pour aller plus loin, il existe plusieurs tests pour permettre \u00e0 chaque individu de faire un point sur son \u00e9tat de sant\u00e9 et de&nbsp;bien-\u00eatre au travail. Ces tests peuvent \u00eatre int\u00e9gr\u00e9s dans le cadre d&rsquo;action de pr\u00e9vention, par exemple via un coaching <a href=\"https:\/\/rez-care.com\/fr\/analyse-de-pratique-en-equipe-transformer-les-conflits-en-apprentissages-collectifs\/\" target=\"_blank\" rel=\"noreferrer noopener\">d&rsquo;analyse de pratique<\/a> en \u00e9quipe.<\/p>\n\n\n\n<ul class=\"wp-block-list\">\n<li>Le&nbsp;<a href=\"https:\/\/www.mgfrance.org\/images\/utilitaires-medicaux\/test-maslach_burn-out.htm\" target=\"_blank\" rel=\"noreferrer noopener\">test MBI<\/a>&nbsp;(Maslach Burn-out Inventory) est un formulaire de 22 questions.<\/li>\n\n\n\n<li>L\u2019<a href=\"https:\/\/www.sfmu.org\/calculateurs\/burnout.html\" target=\"_blank\" rel=\"noreferrer noopener\">\u00e9chelle de Copenhagen<\/a>, moins restrictif, comporte 19 questions.<\/li>\n<\/ul>\n\n\n\n<p>\ud83d\udccc Vous pouvez prot\u00e9ger vos \u00e9quipes et cr\u00e9er un environnement de travail sain: <strong>d\u00e9couvrez nos solutions sur mesure pour des environnements de travail sains et \u00e9quitables!<\/strong>\u00a0\u2935\ufe0f<\/p>\n\n\n\n<p>\ud83d\udccb Est-ce que vous subissez du harc\u00e8lement au travail? Faites votre auto-\u00e9valuation via le&nbsp;<a href=\"https:\/\/platform.rez-care.com\/\" target=\"_blank\" rel=\"noreferrer noopener\">questionnaire en ligne<\/a><br>\ud83d\udedf Notre \u00e9quipe d\u2019experts est \u00e0 votre service pour du&nbsp;<a href=\"https:\/\/rez-care.com\/soutien-individuel\/\" target=\"_blank\" rel=\"noreferrer noopener\">soutien individuel<\/a><br>\u2699\ufe0f Consultez nos&nbsp;<a href=\"https:\/\/rez-care.com\/solutions-entreprises\/\" target=\"_blank\" rel=\"noreferrer noopener\">solutions pour les entreprises et organisations<\/a><br>\ud83d\udce1 D\u00e9couvrez nos actions de sensibilisation grand public via&nbsp;<a href=\"http:\/\/www.rezalliance.com\/\" target=\"_blank\" rel=\"noreferrer noopener\">Rezalliance<\/a>&nbsp;association, et la \u00ab&nbsp;<a href=\"http:\/\/www.24may.org\/\" target=\"_blank\" rel=\"noreferrer noopener\">Journ\u00e9e internationale contre le harc\u00e8lement et pour l\u2019inclusion dans le monde du travail<\/a>\u00ab&nbsp;<\/p>\n","protected":false},"excerpt":{"rendered":"<p>Le burn-out r\u00e9sulte souvent d\u2019une surcharge de travail et le harc\u00e8lement implique une atteinte directe \u00e0 l\u2019int\u00e9grit\u00e9 de l\u2019individu. Comprendre la diff\u00e9rence permet d&rsquo;offrir un soutien adapt\u00e9.<\/p>\n","protected":false},"author":2,"featured_media":29616,"comment_status":"closed","ping_status":"closed","sticky":false,"template":"","format":"standard","meta":{"_et_pb_use_builder":"off","_et_pb_old_content":"<!-- wp:paragraph -->\n<p><\/p>\n<!-- \/wp:paragraph -->\n\n<!-- wp:image {\"id\":29395,\"sizeSlug\":\"full\",\"linkDestination\":\"none\",\"align\":\"center\",\"className\":\"is-style-default\"} -->\n<figure class=\"wp-block-image aligncenter size-full is-style-default\"><img src=\"https:\/\/rez-care.com\/wp-content\/uploads\/2024\/09\/business-groupe-31.jpg\" alt=\"\" class=\"wp-image-29395\"\/><figcaption class=\"wp-element-caption\">Photo of a creative business team busy at a meeting<\/figcaption><\/figure>\n<!-- \/wp:image -->\n\n<!-- wp:heading -->\n<h2 class=\"wp-block-heading\"><strong>Pr\u00e9ambule<\/strong><\/h2>\n<!-- \/wp:heading -->\n\n<!-- wp:paragraph -->\n<p>La pr\u00e9vention du harc\u00e8lement au travail n'est pas seulement une obligation l\u00e9gale, c'est aussi un levier puissant pour lib\u00e9rer la cr\u00e9ativit\u00e9 et l'innovation au sein des entreprises. Lorsque les individus se sentent en s\u00e9curit\u00e9, respect\u00e9s et valoris\u00e9, ils sont plus enclins \u00e0 exprimer leurs id\u00e9es et \u00e0 collaborer de mani\u00e8re efficace. Cet article traite de l'<strong>importance cruciale de la pr\u00e9vention du harc\u00e8lement dans le milieu professionnel<\/strong> et en quoi elle est un facteur cl\u00e9 pour lib\u00e9rer la cr\u00e9ativit\u00e9 et l'innovation, <strong>transformant l'environnement de travail en havre de paix et de respect mutuel<\/strong>. Nous examinerons les diff\u00e9rentes formes de harc\u00e8lement, les politiques de signalement n\u00e9cessaires, ainsi que les formations et sensibilisations indispensables. Enfin, nous explorerons la cr\u00e9ation d'une culture de respect, essentielle pour d\u00e9velopper un environnement de travail sain et productif.<\/p>\n<!-- \/wp:paragraph -->\n\n<!-- wp:heading -->\n<h2 class=\"wp-block-heading\"><strong>Comprendre les diff\u00e9rentes formes de harc\u00e8lement<\/strong><\/h2>\n<!-- \/wp:heading -->\n\n<!-- wp:paragraph -->\n<p>Le harc\u00e8lement au travail peut prendre de nombreuses formes qu'il est absolument crucial d'identifier pour mieux les pr\u00e9venir. <\/p>\n<!-- \/wp:paragraph -->\n\n<!-- wp:paragraph -->\n<p>Tout d'abord, le <strong>harc\u00e8lement moral ou psychologique,<\/strong> souvent insidieux, se manifeste par des comportements r\u00e9p\u00e9t\u00e9s visant \u00e0 d\u00e9nigrer et blesser une personne, d\u00e9gradant ainsi ses conditions de travail. Cela peut inclure des <strong>critiques incessantes<\/strong>, des <strong>humiliations <\/strong>\u00e0 huis clos ou en public ou de l'<strong>isolement <\/strong>social. Ce type de harc\u00e8lement a des <strong>effets d\u00e9vastateurs sur la sant\u00e9 et la motivation<\/strong> des cibles, les rendant moins enclines \u00e0 participer activement aux projets et activit\u00e9s et \u00e0 proposer des id\u00e9es innovantes.<\/p>\n<!-- \/wp:paragraph -->\n\n<!-- wp:paragraph -->\n<p>Ensuite, le <strong>harc\u00e8lement sexuel <\/strong>qui cr\u00e9e aussi un environnement de travail hostile. Les comportements inappropri\u00e9s comme des avances non d\u00e9sir\u00e9es ou des commentaires \u00e0 connotation sexuelle affectent non seulement la sant\u00e9 de la victime, mais instaurer \u00e9galement un climat de peur et de m\u00e9fiance au sein de l'\u00e9quipe. <\/p>\n<!-- \/wp:paragraph -->\n\n<!-- wp:paragraph -->\n<p>Il y a aussi le <strong>harc\u00e8lement discriminatoire<\/strong>, bas\u00e9 sur des crit\u00e8res tels que l'\u00e2ge, le sexe, l'origine ethnique, la religion ou l'orientation sexuelle. Ce type de harc\u00e8lement cr\u00e9e des divisions au sein des \u00e9quipes et emp\u00eache la diversit\u00e9 des id\u00e9es et perspectives, essentielles pour l'innovation. <\/p>\n<!-- \/wp:paragraph -->\n\n<!-- wp:paragraph -->\n<p>Enfin, le <strong>harc\u00e8lement institutionnel <\/strong>d\u00e9signe des pratiques abusives, syst\u00e9matiques et r\u00e9p\u00e9t\u00e9es, mises en place ou tol\u00e9r\u00e9es par une organisation, qui portent atteinte \u00e0 la dignit\u00e9, aux droits ou au bien-\u00eatre de ses membres. Il peut se manifester \u00e0 travers des <strong>politiques, des proc\u00e9dures ou des comportements qui renforcent une culture de discrimination, d'exclusion ou de pression excessive<\/strong>, cr\u00e9ant un environnement toxique pour les individus cibl\u00e9s.<\/p>\n<!-- \/wp:paragraph -->\n\n<!-- wp:paragraph -->\n<p>Il est imp\u00e9ratif de comprendre que tous les types de harc\u00e8lement n'affectent pas seulement les individus directement concern\u00e9s. L<strong>'ensemble de l'environnement<\/strong> de travail est \u00e9galement impact\u00e9, ce qui limite la collaboration et la cr\u00e9ativit\u00e9. En comprenant et en identifiant les diff\u00e9rentes formes de harc\u00e8lement, les entreprises et organisations peuvent mettre en place des strat\u00e9gies de pr\u00e9vention efficaces pour favoriser un environnement de travail plus serein et productif.<\/p>\n<!-- \/wp:paragraph -->\n\n<!-- wp:heading -->\n<h2 class=\"wp-block-heading\"><strong>\u00c9tablir des politiques et des proc\u00e9dures de signalement<\/strong> <strong>claires<\/strong>. <\/h2>\n<!-- \/wp:heading -->\n\n<!-- wp:paragraph -->\n<p>Pour pr\u00e9venir le harc\u00e8lement au travail, il est essentiel d'\u00e9tablir des politiques claires et des proc\u00e9dures de signalement accessibles \u00e0 toutes les personnes qui travaillent au sein de l'organisation. Ces politiques doivent <strong>d\u00e9finir explicitement ce qu'est le harc\u00e8lement, les comportements inacceptables et les cons\u00e9quences<\/strong> pour les individus qui les adoptent. Une <strong>politique bien formalis\u00e9e<\/strong> est le premier pas vers la cr\u00e9ation d'un environnement de travail s\u00e9curisant et respectueux.<\/p>\n<!-- \/wp:paragraph -->\n\n<!-- wp:paragraph -->\n<p>Les <strong>proc\u00e9dures de signalement doivent \u00eatre simples, confidentielles et accessibles<\/strong>. Ainsi, il est imp\u00e9ratif que l'ensemble du personnel sache comment signaler une situation probl\u00e9matique sans craindre des repr\u00e9sailles. Les canaux de communication peuvent inclure des bo\u00eetes \u00e0 suggestions anonymes, des <strong><a href=\"http:\/\/platform.rez-care.com\" target=\"_blank\" rel=\"noreferrer noopener\">lignes t\u00e9l\u00e9phoniques d\u00e9di\u00e9es ou des portails en ligne s\u00e9curis\u00e9s (1)<\/a><\/strong>. Assurer la confidentialit\u00e9 des plaintes encourage les victimes et les t\u00e9moins \u00e0 se manifester, permettant de traiter les cas de mani\u00e8re proactive.<\/p>\n<!-- \/wp:paragraph -->\n\n<!-- wp:paragraph -->\n<p>De plus, il est important que les entreprises mettent en place un <strong>comit\u00e9 ou un groupe de travail charg\u00e9 de g\u00e9rer les plaintes de harc\u00e8lement<\/strong>. Ce groupe doit recevoir une formation ad\u00e9quate pour analyser les all\u00e9gations et diligenter des enqu\u00eates impartiales afin de permettre \u00e0 l'employeur de prendre des mesures appropri\u00e9es. En ayant des politiques et proc\u00e9dures claires, les entreprises montrent leur engagement \u00e0 maintenir un environnement de travail respectueux de l'int\u00e9grit\u00e9 des individus et \u00e0 encourager la participation active de tous les collaborateurs et collaboratrices sans crainte de repr\u00e9sailles.<\/p>\n<!-- \/wp:paragraph -->\n\n<!-- wp:heading -->\n<h2 class=\"wp-block-heading\"><strong>Former et sensibiliser \u00e0 tous les niveaux de hi\u00e9rarchie.<\/strong><\/h2>\n<!-- \/wp:heading -->\n\n<!-- wp:paragraph -->\n<p>La formation et la sensibilisation sont primordiales pour pr\u00e9venir le harc\u00e8lement au travail. L'ensemble du personnel, quel que soit le niveau hi\u00e9rarchique, doit \u00eatre form\u00e9 pour reconna\u00eetre les comportements \u00e0 risque et savoir comment r\u00e9agir. Pour \u00eatre efficaces, les formation doivent apporter un \u00e9clairage sur <strong>les concepts cl\u00e9s<\/strong> avec des <strong>exemples concrets<\/strong> et int\u00e9grer <strong>une mise en situation et des discussions ouvertes<\/strong>.<\/p>\n<!-- \/wp:paragraph -->\n\n<!-- wp:paragraph -->\n<p>Les responsables d'\u00e9quipe jouent un r\u00f4le crucial dans la pr\u00e9vention du harc\u00e8lement. En plus de la sensibilisation g\u00e9n\u00e9rale, une formation additionnelle leur est n\u00e9cessaire pour apprendre \u00e0 <strong>g\u00e9rer les plaintes de mani\u00e8re appropri\u00e9e <\/strong>afin de maintenir un environnement de travail positif. Ainsi, une formation sp\u00e9cifique pour les managers doit inclure \u00e0 minima des <strong>techniques de communication, des strat\u00e9gies de r\u00e9solution de conflits et des outils pour promouvoir une culture de respect au sein de leurs \u00e9quipes.<\/strong> En \u00e9tant bien form\u00e9s, les managers peuvent agir comme des <strong>mod\u00e8les et des r\u00e9f\u00e9rants<\/strong> dans la lutte contre le harc\u00e8lement.<\/p>\n<!-- \/wp:paragraph -->\n\n<!-- wp:paragraph -->\n<p>La sensibilisation doit \u00eatre un <strong>effort continu<\/strong> qui passe par l'organisation r\u00e9guli\u00e8res d'action via des ateliers, s\u00e9minaires et campagnes de communication pour maintenir le sujet \u00e0 l'ordre du jour. En int\u00e9grant ainsi la pr\u00e9vention du harc\u00e8lement dans la culture d'entreprise, il est constamment rappel\u00e9 \u00e0 l'attention de tout le monde, en interne comme en externe, que le protection de l'int\u00e9grit\u00e9 est au coeur des pratiques organisationnelles. C'est un <strong>investissement <\/strong>qui favorise un environnement plus sain, plus innovant et plus productif sur le long terme.<\/p>\n<!-- \/wp:paragraph -->\n\n<!-- wp:heading -->\n<h2 class=\"wp-block-heading\"><strong>Cr\u00e9er une culture de respect, de soutien et feedback.<\/strong><\/h2>\n<!-- \/wp:heading -->\n\n<!-- wp:paragraph -->\n<p>La cr\u00e9ation d'une culture de respect, de soutien et de feedback est essentielle pour pr\u00e9venir le harc\u00e8lement au travail et favoriser un climat propice \u00e0 la cr\u00e9ativit\u00e9 et \u00e0 l'innovation. Une telle culture repose sur des <strong>valeurs partag\u00e9es <\/strong>par toute l'organisation, de la <strong>direction <\/strong>aux <strong>employ\u00e9.e.s, <\/strong> y compris les<strong> apprentie.e.s, stagiaires et <\/strong>le personnel en contrat temporaire comme les<strong> int\u00e9rimaires et les consultant.es<\/strong>. Les membres de l'\u00e9quipe de direction doivent bien s\u00fbr montrer l'exemple en adoptant des comportements respectueux et en encourageant une communication ouverte sur toutes les probl\u00e9matiques en lien avec la sph\u00e8re professionnelle.<\/p>\n<!-- \/wp:paragraph -->\n\n<!-- wp:paragraph -->\n<p>Les<strong> initiatives de reconnaissance et de valorisation des employ\u00e9.es<\/strong> contribuent \u00e9galement \u00e0 cr\u00e9er un environnement de travail positif. Lorsqu'une personne se sent appr\u00e9ci\u00e9e et respect\u00e9e, elle est plus encline \u00e0 partager ses id\u00e9es et \u00e0 collaborer. Des programmes qui r\u00e9compensent des <strong>d\u00e9marches proactives et constructives <\/strong>vont renforcer le sentiment d'appartenance.<\/p>\n<!-- \/wp:paragraph -->\n\n<!-- wp:paragraph -->\n<p>Par ailleurs, il est crucial de <strong>promouvoir la pluralit\u00e9 <\/strong>au sein de l'entreprise. La diversit\u00e9 des perspectives et des exp\u00e9riences est un atout majeur pour l'innovation. En cr\u00e9ant un environnement o\u00f9 chaque \u00eatre humain se sent respect\u00e9 et inclus, quelles que soient les <strong>diff\u00e9rences d\u00e9mographiques ou cognitives<\/strong>, les employeurs vont b\u00e9n\u00e9ficier d'une multitude d'id\u00e9es et de solutions cr\u00e9atives. <strong>L'inclusion r\u00e9elle doit \u00eatre une priorit\u00e9 dans toutes les politiques et pratiques organisationnelles, de la s\u00e9lection du personnel \u00e0 la prise de d\u00e9cision strat\u00e9gique<\/strong>. En cultivant une culture de respect, de soutien et de feedback, les entreprises et organisations vont non seulement pr\u00e9venir le harc\u00e8lement, mais aussi lib\u00e9rer le potentiel cr\u00e9atif de leurs employ\u00e9.e.s.<\/p>\n<!-- \/wp:paragraph -->\n\n<!-- wp:heading -->\n<h2 class=\"wp-block-heading\"><strong>Vers un environnement de travail respectueux et inclusif<\/strong>.<\/h2>\n<!-- \/wp:heading -->\n\n<!-- wp:paragraph -->\n<p>En conclusion, comprendre les diff\u00e9rentes formes de harc\u00e8lement et leur m\u00e9canismes est la premi\u00e8re \u00e9tape et aussi la plus essentielle pour pr\u00e9venir le harc\u00e8lement au travail. Qu'il s'agisse de harc\u00e8lement moral, sexuel, discriminatoire ou institutionnel, chacune des formes a implications graves pour les individus, leur \u00e9quipe et l'ensemble de l'organisation. En adoptant des politiques de signalement claires et accessibles, les entreprises d\u00e9montrent leur engagement envers un environnement de travail s\u00e9curisant et respectueux. La formation et la sensibilisation \u00e0 tous les niveaux, jouant un r\u00f4le crucial dans l'a reconnaissance dans l'identification et la gestion proactive des comportements  \u00e0 risque.<\/p>\n<!-- \/wp:paragraph -->\n\n<!-- wp:paragraph -->\n<p>Cr\u00e9er une culture de respect, de soutien et de feedback, est indispensable pour favoriser un climat propice \u00e0 la cr\u00e9ativit\u00e9 et \u00e0 l'innovation. En valorisant la diversit\u00e9 sous toutes ses formes et en promouvant l'inclusion effective, les entreprises et organisations pourront tirer parti d'une multitude d'id\u00e9es et de perspectives pour devenir plus performantes. <\/p>\n<!-- \/wp:paragraph -->\n\n<!-- wp:paragraph -->\n<p>Nous le constatons r\u00e9guli\u00e8rement lors de nos diverses interventions: lorsqu'une personne se sent respect\u00e9e et incluse, elle est plus encline \u00e0 collaborer, partager ses connaissances et proposer des solutions innovantes.<\/p>\n<!-- \/wp:paragraph -->\n\n<!-- wp:paragraph -->\n<p>Que pensez-vous de ces strat\u00e9gies de pr\u00e9vention du harc\u00e8lement au travail? Partagez vos r\u00e9flexions et vos exp\u00e9riences dans les commentaires ci-dessous.<\/p>\n<!-- \/wp:paragraph -->\n\n<!-- wp:paragraph -->\n<p>(1) Nous pr\u00e9conisons la mise en place d'une plateforme d'\u00e9coute externe et ind\u00e9pendante qui permettra aux personnes, cibles ou t\u00e9moins, de se sentir en s\u00e9curit\u00e9 pour t\u00e9moigner. \ud83d\udc49 <a href=\"http:\/\/www.platform.rez-care.com\" target=\"_blank\" rel=\"noreferrer noopener\">platform.rez-care.com<\/a> <\/p>\n<!-- \/wp:paragraph -->\n\n<!-- wp:heading -->\n<h2 class=\"wp-block-heading\"><strong>D\u00e9couvrez nos solutions...<\/strong><\/h2>\n<!-- \/wp:heading -->\n\n<!-- wp:columns -->\n<div class=\"wp-block-columns\"><!-- wp:column {\"width\":\"100%\"} -->\n<div class=\"wp-block-column\" style=\"flex-basis:100%\"><!-- wp:paragraph -->\n<p>\u2705 <a href=\"https:\/\/rez-care.com\/soutien-individuel\/\">Soutien individuel<\/a><br>\u2705 <a href=\"https:\/\/rez-care.com\/solutions-entreprises\/\">Solutions entreprises et organisations<\/a><br>\u2705 Sensibilisation g\u00e9n\u00e9rale via <a href=\"http:\/\/www.rezalliance.com\">Rezalliance<\/a> association, \u00e0 travers la \"Journ\u00e9e internationale contre le harc\u00e8lement et pour l'inclusion dans le monde du travail\" (<a href=\"http:\/\/www.24may.org\">www.24may.org<\/a>)<\/p>\n<!-- \/wp:paragraph --><\/div>\n<!-- \/wp:column --><\/div>\n<!-- \/wp:columns -->\n\n<!-- wp:paragraph -->\n<p><\/p>\n<!-- \/wp:paragraph -->","_et_gb_content_width":"","footnotes":""},"categories":[1],"tags":[],"class_list":["post-29602","post","type-post","status-publish","format-standard","has-post-thumbnail","hentry","category-uncategorized"],"yoast_head":"<!-- This site is optimized with the Yoast SEO plugin v27.4 - https:\/\/yoast.com\/product\/yoast-seo-wordpress\/ -->\n<title>Burn-out ou harc\u00e8lement : Comprendre pour mieux agir.<\/title>\n<meta name=\"description\" content=\"Le burn-out est une r\u00e9ponse \u00e0 une surcharge prolong\u00e9e, le harc\u00e8lement implique une atteinte directe \u00e0 l\u2019int\u00e9grit\u00e9 de l\u2019individu.\" \/>\n<meta name=\"robots\" content=\"index, follow, max-snippet:-1, max-image-preview:large, max-video-preview:-1\" \/>\n<link rel=\"canonical\" href=\"https:\/\/rez-care.com\/fr\/burn-out-ou-harcelement-comprendre-pour-mieux-agir\/\" \/>\n<meta property=\"og:locale\" content=\"fr_FR\" \/>\n<meta property=\"og:type\" content=\"article\" \/>\n<meta property=\"og:title\" content=\"Burn-out ou harc\u00e8lement : Comprendre pour mieux agir.\" \/>\n<meta property=\"og:description\" content=\"Le burn-out est une r\u00e9ponse \u00e0 une surcharge prolong\u00e9e, le harc\u00e8lement implique une atteinte directe \u00e0 l\u2019int\u00e9grit\u00e9 de l\u2019individu.\" \/>\n<meta property=\"og:url\" content=\"https:\/\/rez-care.com\/fr\/burn-out-ou-harcelement-comprendre-pour-mieux-agir\/\" \/>\n<meta property=\"og:site_name\" content=\"rez-care.com\" \/>\n<meta property=\"article:published_time\" content=\"2025-01-21T16:48:16+00:00\" \/>\n<meta property=\"article:modified_time\" content=\"2026-02-08T17:10:52+00:00\" \/>\n<meta property=\"og:image\" content=\"https:\/\/rez-care.com\/wp-content\/uploads\/2025\/01\/Burnout.png\" \/>\n\t<meta property=\"og:image:width\" content=\"1200\" \/>\n\t<meta property=\"og:image:height\" content=\"1200\" \/>\n\t<meta property=\"og:image:type\" content=\"image\/png\" \/>\n<meta name=\"author\" content=\"Joelle Payom\" \/>\n<meta name=\"twitter:card\" content=\"summary_large_image\" \/>\n<meta name=\"twitter:label1\" content=\"\u00c9crit par\" \/>\n\t<meta name=\"twitter:data1\" content=\"Joelle Payom\" \/>\n\t<meta name=\"twitter:label2\" content=\"Dur\u00e9e de lecture estim\u00e9e\" \/>\n\t<meta name=\"twitter:data2\" content=\"8 minutes\" \/>\n<script type=\"application\/ld+json\" class=\"yoast-schema-graph\">{\"@context\":\"https:\\\/\\\/schema.org\",\"@graph\":[{\"@type\":\"Article\",\"@id\":\"https:\\\/\\\/rez-care.com\\\/burn-out-ou-harcelement-comprendre-pour-mieux-agir\\\/#article\",\"isPartOf\":{\"@id\":\"https:\\\/\\\/rez-care.com\\\/burn-out-ou-harcelement-comprendre-pour-mieux-agir\\\/\"},\"author\":{\"name\":\"Joelle Payom\",\"@id\":\"https:\\\/\\\/rez-care.com\\\/#\\\/schema\\\/person\\\/b43b4a3a7ba847bd1bc87d1c3054bf69\"},\"headline\":\"Burn-out ou harc\u00e8lement : Comprendre pour mieux agir.\",\"datePublished\":\"2025-01-21T16:48:16+00:00\",\"dateModified\":\"2026-02-08T17:10:52+00:00\",\"mainEntityOfPage\":{\"@id\":\"https:\\\/\\\/rez-care.com\\\/burn-out-ou-harcelement-comprendre-pour-mieux-agir\\\/\"},\"wordCount\":1593,\"publisher\":{\"@id\":\"https:\\\/\\\/rez-care.com\\\/#organization\"},\"image\":{\"@id\":\"https:\\\/\\\/rez-care.com\\\/burn-out-ou-harcelement-comprendre-pour-mieux-agir\\\/#primaryimage\"},\"thumbnailUrl\":\"https:\\\/\\\/rez-care.com\\\/wp-content\\\/uploads\\\/2025\\\/01\\\/Burnout.png\",\"articleSection\":[\"Uncategorized\"],\"inLanguage\":\"fr-FR\"},{\"@type\":\"WebPage\",\"@id\":\"https:\\\/\\\/rez-care.com\\\/burn-out-ou-harcelement-comprendre-pour-mieux-agir\\\/\",\"url\":\"https:\\\/\\\/rez-care.com\\\/burn-out-ou-harcelement-comprendre-pour-mieux-agir\\\/\",\"name\":\"Burn-out ou harc\u00e8lement : Comprendre pour mieux agir.\",\"isPartOf\":{\"@id\":\"https:\\\/\\\/rez-care.com\\\/#website\"},\"primaryImageOfPage\":{\"@id\":\"https:\\\/\\\/rez-care.com\\\/burn-out-ou-harcelement-comprendre-pour-mieux-agir\\\/#primaryimage\"},\"image\":{\"@id\":\"https:\\\/\\\/rez-care.com\\\/burn-out-ou-harcelement-comprendre-pour-mieux-agir\\\/#primaryimage\"},\"thumbnailUrl\":\"https:\\\/\\\/rez-care.com\\\/wp-content\\\/uploads\\\/2025\\\/01\\\/Burnout.png\",\"datePublished\":\"2025-01-21T16:48:16+00:00\",\"dateModified\":\"2026-02-08T17:10:52+00:00\",\"description\":\"Le burn-out est une r\u00e9ponse \u00e0 une surcharge prolong\u00e9e, le harc\u00e8lement implique une atteinte directe \u00e0 l\u2019int\u00e9grit\u00e9 de l\u2019individu.\",\"breadcrumb\":{\"@id\":\"https:\\\/\\\/rez-care.com\\\/burn-out-ou-harcelement-comprendre-pour-mieux-agir\\\/#breadcrumb\"},\"inLanguage\":\"fr-FR\",\"potentialAction\":[{\"@type\":\"ReadAction\",\"target\":[\"https:\\\/\\\/rez-care.com\\\/burn-out-ou-harcelement-comprendre-pour-mieux-agir\\\/\"]}]},{\"@type\":\"ImageObject\",\"inLanguage\":\"fr-FR\",\"@id\":\"https:\\\/\\\/rez-care.com\\\/burn-out-ou-harcelement-comprendre-pour-mieux-agir\\\/#primaryimage\",\"url\":\"https:\\\/\\\/rez-care.com\\\/wp-content\\\/uploads\\\/2025\\\/01\\\/Burnout.png\",\"contentUrl\":\"https:\\\/\\\/rez-care.com\\\/wp-content\\\/uploads\\\/2025\\\/01\\\/Burnout.png\",\"width\":1200,\"height\":1200},{\"@type\":\"BreadcrumbList\",\"@id\":\"https:\\\/\\\/rez-care.com\\\/burn-out-ou-harcelement-comprendre-pour-mieux-agir\\\/#breadcrumb\",\"itemListElement\":[{\"@type\":\"ListItem\",\"position\":1,\"name\":\"Accueil\",\"item\":\"https:\\\/\\\/rez-care.com\\\/\"},{\"@type\":\"ListItem\",\"position\":2,\"name\":\"Burn-out ou harc\u00e8lement : Comprendre pour mieux agir.\"}]},{\"@type\":\"WebSite\",\"@id\":\"https:\\\/\\\/rez-care.com\\\/#website\",\"url\":\"https:\\\/\\\/rez-care.com\\\/\",\"name\":\"La plateforme rez-care.com\",\"description\":\"Pr\u00e9vention des risques psychosociaux et harc\u00e8lement au travail\",\"publisher\":{\"@id\":\"https:\\\/\\\/rez-care.com\\\/#organization\"},\"potentialAction\":[{\"@type\":\"SearchAction\",\"target\":{\"@type\":\"EntryPoint\",\"urlTemplate\":\"https:\\\/\\\/rez-care.com\\\/?s={search_term_string}\"},\"query-input\":{\"@type\":\"PropertyValueSpecification\",\"valueRequired\":true,\"valueName\":\"search_term_string\"}}],\"inLanguage\":\"fr-FR\"},{\"@type\":\"Organization\",\"@id\":\"https:\\\/\\\/rez-care.com\\\/#organization\",\"name\":\"La plateforme rez-care.com\",\"url\":\"https:\\\/\\\/rez-care.com\\\/\",\"logo\":{\"@type\":\"ImageObject\",\"inLanguage\":\"fr-FR\",\"@id\":\"https:\\\/\\\/rez-care.com\\\/#\\\/schema\\\/logo\\\/image\\\/\",\"url\":\"https:\\\/\\\/rez-care.com\\\/wp-content\\\/uploads\\\/2024\\\/02\\\/logo.png\",\"contentUrl\":\"https:\\\/\\\/rez-care.com\\\/wp-content\\\/uploads\\\/2024\\\/02\\\/logo.png\",\"width\":222,\"height\":227,\"caption\":\"La plateforme rez-care.com\"},\"image\":{\"@id\":\"https:\\\/\\\/rez-care.com\\\/#\\\/schema\\\/logo\\\/image\\\/\"}},{\"@type\":\"Person\",\"@id\":\"https:\\\/\\\/rez-care.com\\\/#\\\/schema\\\/person\\\/b43b4a3a7ba847bd1bc87d1c3054bf69\",\"name\":\"Joelle Payom\",\"image\":{\"@type\":\"ImageObject\",\"inLanguage\":\"fr-FR\",\"@id\":\"https:\\\/\\\/secure.gravatar.com\\\/avatar\\\/7081bc0902fe5b99187f6c5d46cb4dd368eac4d8fc04ae56a85e5fac5ba17591?s=96&d=mm&r=g\",\"url\":\"https:\\\/\\\/secure.gravatar.com\\\/avatar\\\/7081bc0902fe5b99187f6c5d46cb4dd368eac4d8fc04ae56a85e5fac5ba17591?s=96&d=mm&r=g\",\"contentUrl\":\"https:\\\/\\\/secure.gravatar.com\\\/avatar\\\/7081bc0902fe5b99187f6c5d46cb4dd368eac4d8fc04ae56a85e5fac5ba17591?s=96&d=mm&r=g\",\"caption\":\"Joelle Payom\"},\"url\":\"https:\\\/\\\/rez-care.com\\\/fr\\\/author\\\/joelle\\\/\"}]}<\/script>\n<!-- \/ Yoast SEO plugin. -->","yoast_head_json":{"title":"Burn-out ou harc\u00e8lement : Comprendre pour mieux agir.","description":"Le burn-out est une r\u00e9ponse \u00e0 une surcharge prolong\u00e9e, le harc\u00e8lement implique une atteinte directe \u00e0 l\u2019int\u00e9grit\u00e9 de l\u2019individu.","robots":{"index":"index","follow":"follow","max-snippet":"max-snippet:-1","max-image-preview":"max-image-preview:large","max-video-preview":"max-video-preview:-1"},"canonical":"https:\/\/rez-care.com\/fr\/burn-out-ou-harcelement-comprendre-pour-mieux-agir\/","og_locale":"fr_FR","og_type":"article","og_title":"Burn-out ou harc\u00e8lement : Comprendre pour mieux agir.","og_description":"Le burn-out est une r\u00e9ponse \u00e0 une surcharge prolong\u00e9e, le harc\u00e8lement implique une atteinte directe \u00e0 l\u2019int\u00e9grit\u00e9 de l\u2019individu.","og_url":"https:\/\/rez-care.com\/fr\/burn-out-ou-harcelement-comprendre-pour-mieux-agir\/","og_site_name":"rez-care.com","article_published_time":"2025-01-21T16:48:16+00:00","article_modified_time":"2026-02-08T17:10:52+00:00","og_image":[{"width":1200,"height":1200,"url":"https:\/\/rez-care.com\/wp-content\/uploads\/2025\/01\/Burnout.png","type":"image\/png"}],"author":"Joelle Payom","twitter_card":"summary_large_image","twitter_misc":{"\u00c9crit par":"Joelle Payom","Dur\u00e9e de lecture estim\u00e9e":"8 minutes"},"schema":{"@context":"https:\/\/schema.org","@graph":[{"@type":"Article","@id":"https:\/\/rez-care.com\/burn-out-ou-harcelement-comprendre-pour-mieux-agir\/#article","isPartOf":{"@id":"https:\/\/rez-care.com\/burn-out-ou-harcelement-comprendre-pour-mieux-agir\/"},"author":{"name":"Joelle Payom","@id":"https:\/\/rez-care.com\/#\/schema\/person\/b43b4a3a7ba847bd1bc87d1c3054bf69"},"headline":"Burn-out ou harc\u00e8lement : Comprendre pour mieux agir.","datePublished":"2025-01-21T16:48:16+00:00","dateModified":"2026-02-08T17:10:52+00:00","mainEntityOfPage":{"@id":"https:\/\/rez-care.com\/burn-out-ou-harcelement-comprendre-pour-mieux-agir\/"},"wordCount":1593,"publisher":{"@id":"https:\/\/rez-care.com\/#organization"},"image":{"@id":"https:\/\/rez-care.com\/burn-out-ou-harcelement-comprendre-pour-mieux-agir\/#primaryimage"},"thumbnailUrl":"https:\/\/rez-care.com\/wp-content\/uploads\/2025\/01\/Burnout.png","articleSection":["Uncategorized"],"inLanguage":"fr-FR"},{"@type":"WebPage","@id":"https:\/\/rez-care.com\/burn-out-ou-harcelement-comprendre-pour-mieux-agir\/","url":"https:\/\/rez-care.com\/burn-out-ou-harcelement-comprendre-pour-mieux-agir\/","name":"Burn-out ou harc\u00e8lement : Comprendre pour mieux agir.","isPartOf":{"@id":"https:\/\/rez-care.com\/#website"},"primaryImageOfPage":{"@id":"https:\/\/rez-care.com\/burn-out-ou-harcelement-comprendre-pour-mieux-agir\/#primaryimage"},"image":{"@id":"https:\/\/rez-care.com\/burn-out-ou-harcelement-comprendre-pour-mieux-agir\/#primaryimage"},"thumbnailUrl":"https:\/\/rez-care.com\/wp-content\/uploads\/2025\/01\/Burnout.png","datePublished":"2025-01-21T16:48:16+00:00","dateModified":"2026-02-08T17:10:52+00:00","description":"Le burn-out est une r\u00e9ponse \u00e0 une surcharge prolong\u00e9e, le harc\u00e8lement implique une atteinte directe \u00e0 l\u2019int\u00e9grit\u00e9 de l\u2019individu.","breadcrumb":{"@id":"https:\/\/rez-care.com\/burn-out-ou-harcelement-comprendre-pour-mieux-agir\/#breadcrumb"},"inLanguage":"fr-FR","potentialAction":[{"@type":"ReadAction","target":["https:\/\/rez-care.com\/burn-out-ou-harcelement-comprendre-pour-mieux-agir\/"]}]},{"@type":"ImageObject","inLanguage":"fr-FR","@id":"https:\/\/rez-care.com\/burn-out-ou-harcelement-comprendre-pour-mieux-agir\/#primaryimage","url":"https:\/\/rez-care.com\/wp-content\/uploads\/2025\/01\/Burnout.png","contentUrl":"https:\/\/rez-care.com\/wp-content\/uploads\/2025\/01\/Burnout.png","width":1200,"height":1200},{"@type":"BreadcrumbList","@id":"https:\/\/rez-care.com\/burn-out-ou-harcelement-comprendre-pour-mieux-agir\/#breadcrumb","itemListElement":[{"@type":"ListItem","position":1,"name":"Accueil","item":"https:\/\/rez-care.com\/"},{"@type":"ListItem","position":2,"name":"Burn-out ou harc\u00e8lement : Comprendre pour mieux agir."}]},{"@type":"WebSite","@id":"https:\/\/rez-care.com\/#website","url":"https:\/\/rez-care.com\/","name":"La plateforme rez-care.com","description":"Pr\u00e9vention des risques psychosociaux et harc\u00e8lement au travail","publisher":{"@id":"https:\/\/rez-care.com\/#organization"},"potentialAction":[{"@type":"SearchAction","target":{"@type":"EntryPoint","urlTemplate":"https:\/\/rez-care.com\/?s={search_term_string}"},"query-input":{"@type":"PropertyValueSpecification","valueRequired":true,"valueName":"search_term_string"}}],"inLanguage":"fr-FR"},{"@type":"Organization","@id":"https:\/\/rez-care.com\/#organization","name":"La plateforme rez-care.com","url":"https:\/\/rez-care.com\/","logo":{"@type":"ImageObject","inLanguage":"fr-FR","@id":"https:\/\/rez-care.com\/#\/schema\/logo\/image\/","url":"https:\/\/rez-care.com\/wp-content\/uploads\/2024\/02\/logo.png","contentUrl":"https:\/\/rez-care.com\/wp-content\/uploads\/2024\/02\/logo.png","width":222,"height":227,"caption":"La plateforme rez-care.com"},"image":{"@id":"https:\/\/rez-care.com\/#\/schema\/logo\/image\/"}},{"@type":"Person","@id":"https:\/\/rez-care.com\/#\/schema\/person\/b43b4a3a7ba847bd1bc87d1c3054bf69","name":"Joelle Payom","image":{"@type":"ImageObject","inLanguage":"fr-FR","@id":"https:\/\/secure.gravatar.com\/avatar\/7081bc0902fe5b99187f6c5d46cb4dd368eac4d8fc04ae56a85e5fac5ba17591?s=96&d=mm&r=g","url":"https:\/\/secure.gravatar.com\/avatar\/7081bc0902fe5b99187f6c5d46cb4dd368eac4d8fc04ae56a85e5fac5ba17591?s=96&d=mm&r=g","contentUrl":"https:\/\/secure.gravatar.com\/avatar\/7081bc0902fe5b99187f6c5d46cb4dd368eac4d8fc04ae56a85e5fac5ba17591?s=96&d=mm&r=g","caption":"Joelle Payom"},"url":"https:\/\/rez-care.com\/fr\/author\/joelle\/"}]}},"_links":{"self":[{"href":"https:\/\/rez-care.com\/fr\/wp-json\/wp\/v2\/posts\/29602","targetHints":{"allow":["GET"]}}],"collection":[{"href":"https:\/\/rez-care.com\/fr\/wp-json\/wp\/v2\/posts"}],"about":[{"href":"https:\/\/rez-care.com\/fr\/wp-json\/wp\/v2\/types\/post"}],"author":[{"embeddable":true,"href":"https:\/\/rez-care.com\/fr\/wp-json\/wp\/v2\/users\/2"}],"replies":[{"embeddable":true,"href":"https:\/\/rez-care.com\/fr\/wp-json\/wp\/v2\/comments?post=29602"}],"version-history":[{"count":35,"href":"https:\/\/rez-care.com\/fr\/wp-json\/wp\/v2\/posts\/29602\/revisions"}],"predecessor-version":[{"id":29790,"href":"https:\/\/rez-care.com\/fr\/wp-json\/wp\/v2\/posts\/29602\/revisions\/29790"}],"wp:featuredmedia":[{"embeddable":true,"href":"https:\/\/rez-care.com\/fr\/wp-json\/wp\/v2\/media\/29616"}],"wp:attachment":[{"href":"https:\/\/rez-care.com\/fr\/wp-json\/wp\/v2\/media?parent=29602"}],"wp:term":[{"taxonomy":"category","embeddable":true,"href":"https:\/\/rez-care.com\/fr\/wp-json\/wp\/v2\/categories?post=29602"},{"taxonomy":"post_tag","embeddable":true,"href":"https:\/\/rez-care.com\/fr\/wp-json\/wp\/v2\/tags?post=29602"}],"curies":[{"name":"wp","href":"https:\/\/api.w.org\/{rel}","templated":true}]}}