{"id":29525,"date":"2024-10-30T22:43:33","date_gmt":"2024-10-30T21:43:33","guid":{"rendered":"https:\/\/rez-care.com\/?p=29525"},"modified":"2026-02-08T18:11:09","modified_gmt":"2026-02-08T17:11:09","slug":"le-diversity-washing-et-ses-multiples-facettes","status":"publish","type":"post","link":"https:\/\/rez-care.com\/fr\/le-diversity-washing-et-ses-multiples-facettes\/","title":{"rendered":"Le \u00ab\u00a0diversity washing\u00a0\u00bb et ses multiples facettes."},"content":{"rendered":"\n<figure class=\"wp-block-image aligncenter size-full is-style-default\"><img loading=\"lazy\" decoding=\"async\" width=\"2560\" height=\"1707\" src=\"https:\/\/rez-care.com\/wp-content\/uploads\/2024\/10\/AdobeStock_181009743-scaled.jpg\" alt=\"\" class=\"wp-image-29526\" srcset=\"https:\/\/rez-care.com\/wp-content\/uploads\/2024\/10\/AdobeStock_181009743-scaled.jpg 2560w, https:\/\/rez-care.com\/wp-content\/uploads\/2024\/10\/AdobeStock_181009743-1280x854.jpg 1280w, https:\/\/rez-care.com\/wp-content\/uploads\/2024\/10\/AdobeStock_181009743-980x653.jpg 980w, https:\/\/rez-care.com\/wp-content\/uploads\/2024\/10\/AdobeStock_181009743-480x320.jpg 480w\" sizes=\"(min-width: 0px) and (max-width: 480px) 480px, (min-width: 481px) and (max-width: 980px) 980px, (min-width: 981px) and (max-width: 1280px) 1280px, (min-width: 1281px) 2560px, 100vw\" \/><\/figure>\n\n\n\n<p><\/p>\n\n\n\n<h2 class=\"wp-block-heading\"><strong>Quand la diversit\u00e9 masque l&rsquo;absence de pratiques inclusives.<\/strong><\/h2>\n\n\n\n<p><\/p>\n\n\n\n<p>Le <em>diversity washing<\/em> s\u2019inspire directement du concept de <em>greenwashing<\/em>, n\u00e9 dans les ann\u00e9es 1980 pour d\u00e9noncer les pratiques d\u2019entreprises se pr\u00e9sentant comme \u00e9coresponsables sans pour autant modifier r\u00e9ellement leurs actions polluantes.<\/p>\n\n\n\n<p>De la m\u00eame mani\u00e8re, le <em>diversity washing<\/em> fait r\u00e9f\u00e9rence \u00e0 la pr\u00e9sentation trompeuse des efforts en mati\u00e8re de diversit\u00e9, avec pour objectif de projeter une image d\u2019inclusivit\u00e9 qui ne refl\u00e8te pas la r\u00e9alit\u00e9 des pratiques internes. Ce terme met en lumi\u00e8re une inclusion de fa\u00e7ade bas\u00e9e sur des actions superficielles visant \u00e0 am\u00e9liorer la r\u00e9putation d\u2019une organisation plut\u00f4t qu\u2019\u00e0 promouvoir une culture v\u00e9ritablement inclusive.<\/p>\n\n\n\n<p>Le concept a \u00e9merg\u00e9 face \u00e0 des attentes sociales croissantes pour plus d\u2019inclusion et d\u2019\u00e9quit\u00e9 dans les entreprises, notamment \u00e0 partir des ann\u00e9es 2000, p\u00e9riode durant laquelle les initiatives de diversit\u00e9 et d\u2019inclusion sont devenues plus centrales dans les strat\u00e9gies de marque.<\/p>\n\n\n\n<p>Alors que les organisations communiquent de plus en plus sur leur engagement pour la D&amp;I (diversit\u00e9 et inclusion), le <em>diversity washing<\/em>, que l\u2019on pourrait traduire en fran\u00e7ais par \u00ab d\u00e9tournement de la diversit\u00e9 \u00bb, est devenu un enjeu majeur en raison du manque de coh\u00e9rence observ\u00e9 dans les pratiques de nombreuses entreprises et organisations de travail.<\/p>\n\n\n\n<p>Le ph\u00e9nom\u00e8ne est complexe et n\u00e9cessite d&rsquo;en saisis les multiples facettes pour \u00e9viter d&rsquo;\u00eatre tromp\u00e9.e par ses manifestations superficielles et d\u00e9jouer le pi\u00e8ge de la diversion.<\/p>\n\n\n\n<p><\/p>\n\n\n\n<h2 class=\"wp-block-heading\"><strong>Petit tour d\u2019horizon de 5 formes courantes.<\/strong><\/h2>\n\n\n\n<p><\/p>\n\n\n\n<h3 class=\"wp-block-heading\">1.Diversity spotlighting<\/h3>\n\n\n\n<p>La <strong>Mise en avant de la diversit\u00e9<\/strong> consiste \u00e0 mettre les projecteurs sur de petites r\u00e9alisations pour d\u00e9tourner l&rsquo;attention des probl\u00e8mes plus profonds. Par exemple, une entreprise peut se vanter d&rsquo;avoir quelques personnes issues de minorit\u00e9s ethniques dans des postes de direction tout en ignorant le fait que la majorit\u00e9 des employ\u00e9s dans les postes de management interm\u00e9diaire sont des personnes issues du groupe ethnique majoritaire, et qu&rsquo;il n&rsquo;existe aucune strat\u00e9gie claire pour \u00e9viter les discriminations visant les personnes issues des groupes ethniques minoritaires. <\/p>\n\n\n\n<h4 class=\"wp-block-heading\">1.1 Tokenism <\/h4>\n\n\n\n<p>Le fait d&rsquo;utiliser une personne issu d&rsquo;un groupe minoris\u00e9 (femme, personne en situation de handicap, autre&#8230;) comme \u00ab\u00a0alibi\u00a0\u00bb et lui faire endosser , souvent \u00e0 son insu, un r\u00f4le symbolique pour donner une fausse impression d&rsquo;un environnement inclusif et respectueux des diff\u00e9rences . Comme le <em>diversity spotlighting<\/em>, le <em>tokenism<\/em> sert ainsi \u00e0 d\u00e9tourner l\u2019attention des probl\u00e8mes syst\u00e9miques plus profonds, en concentrant l\u2019attention sur des \u00e9l\u00e9ments superficiels qui masquent l\u2019absence de progr\u00e8s r\u00e9el ou d\u2019engagement pour l&rsquo;inclusion r\u00e9elle de toutes les diff\u00e9rences.<\/p>\n\n\n\n<p><\/p>\n\n\n\n<h3 class=\"wp-block-heading\">2.Diversity hushing<\/h3>\n\n\n\n<p><strong>R\u00e9duire la diversit\u00e9 au silence, <\/strong>consiste \u00e0 minimiser ou \u00e0 cacher les efforts en mati\u00e8re de diversit\u00e9 pour \u00e9viter un \u00e9ventuel retour de b\u00e2ton. Une entreprise peut mettre en \u0153uvre une politique de soutien \u00e0 un groupe sp\u00e9cifique, mais \u00e9viter d&rsquo;en parler publiquement pour ne pas attirer l&rsquo;attention, et \u00e9viter les conversations inconfortables sur les in\u00e9galit\u00e9s syst\u00e9miques au sein de l\u2019organisation.<\/p>\n\n\n\n<p><\/p>\n\n\n\n<h3 class=\"wp-block-heading\">3.Diversity shifting<\/h3>\n\n\n\n<p><strong>R\u00e9ajustement de la diversit\u00e9, <\/strong>fait r\u00e9f\u00e9rence \u00e0 un changement constant des objectifs en mati\u00e8re de diversit\u00e9 sans r\u00e9aliser de progr\u00e8s substantiels. Par exemple, une entreprise peut annoncer chaque ann\u00e9e de nouveaux objectifs qui sont report\u00e9s d&rsquo;ann\u00e9e en ann\u00e9e sans r\u00e9elle am\u00e9lioration. Cela peut susciter du cynisme aussi bien en interne qu\u2019en externe quant \u00e0 la sinc\u00e9rit\u00e9 de l&rsquo;entreprise.<\/p>\n\n\n\n<p><\/p>\n\n\n\n<h3 class=\"wp-block-heading\">4.Diversity deflection<\/h3>\n\n\n\n<p><strong>D\u00e9tournement de la responsabilit\u00e9 en mati\u00e8re de diversit\u00e9<\/strong> ou lorsque les entreprises transf\u00e8rent la responsabilit\u00e9 de promouvoir l&rsquo;inclusivit\u00e9 sur les employ\u00e9s ou les consommateurs. Un exemple courant est une entreprise qui d\u00e9clare qu&rsquo;elle va am\u00e9liorer l\u2019\u00e9galit\u00e9 de genre en encourageant les femmes \u00e0 postuler, mais sans aborder les pratiques de recrutement biais\u00e9es, le harc\u00e8lement sexuel ou le manque de flexibilit\u00e9 concernant les horaires de pr\u00e9sence qui pourraient rendre l\u2019entreprise plus attractive pour les femmes.<\/p>\n\n\n\n<p><\/p>\n\n\n\n<h3 class=\"wp-block-heading\">5.Diversity labelling<\/h3>\n\n\n\n<p>La <strong>labellisation de la diversit\u00e9<\/strong> consiste \u00e0 faire de la diversit\u00e9 un slogan commercial. Une entreprise peut se pr\u00e9tendre inclusive par ce qu\u2019elle a install\u00e9 des rampes d\u2019acc\u00e8s dans ses b\u00e2timents, sans aborder les failles dans ses pratiques de recrutement qui ne sont pas accessibles \u00e0 tous les types de handicap et l\u2019absence de syst\u00e8mes ad\u00e9quats pour soutenir les personnes concern\u00e9es par un handicap invisible.<\/p>\n\n\n\n<p><\/p>\n\n\n\n<h2 class=\"wp-block-heading\">Conclusion<\/h2>\n\n\n\n<p>Pour maintenir leur cr\u00e9dibilit\u00e9 et cr\u00e9er la confiance, les organisations engag\u00e9es en RSE doivent s&rsquo;assurer que leurs communications en mati\u00e8re de diversit\u00e9 et d\u2019inclusion s&rsquo;accompagnent d&rsquo;actions concr\u00e8tes et mesurables, ainsi que d\u2019un investissement continu.<\/p>\n\n\n\n<p><\/p>\n\n\n\n<p><a href=\"https:\/\/rez-care.com\/solutions-entreprises\/\">Rez-<\/a><a href=\"https:\/\/rez-care.com\/solutions-entreprises\/\" target=\"_blank\" rel=\"noreferrer noopener\">care<\/a> <strong>vous accompagne dans vos r\u00e9flexions pour construire des environnements de travail o\u00f9 la diversit\u00e9 fleurit, l&rsquo;\u00e9quit\u00e9 pr\u00e9vaut et la performance prosp\u00e8re. Contactez-nous pour discuter de la mani\u00e8re dont nous pouvons ensemble b\u00e2tir des strat\u00e9gies d\u2019inclusion authentiques, efficaces et durables.<\/strong><\/p>\n\n\n\n<p><\/p>\n\n\n\n<p><strong><em>Nota Bene&nbsp;:<\/em><\/strong> Cette r\u00e9flexion sur le diversity washing s&rsquo;inspire des tactiques de greenwashing pr\u00e9sent\u00e9es dans l&rsquo;ouvrage de Carbonbetter, qui met en lumi\u00e8re les pratiques trompeuses des entreprises dans leur engagement envers la durabilit\u00e9.<\/p>\n\n\n\n<p><strong>D\u00e9couvrez nos solutions pour des environnements de travail sains et \u00e9quitables!<\/strong>&nbsp;\u2935\ufe0f<\/p>\n\n\n\n<div class=\"wp-block-columns is-layout-flex wp-container-core-columns-is-layout-9d6595d7 wp-block-columns-is-layout-flex\">\n<div class=\"wp-block-column is-layout-flow wp-block-column-is-layout-flow\" style=\"flex-basis:100%\">\n<p>\ud83d\udccb Est-ce que vous subissez du harc\u00e8lement au travail? Faites votre auto-\u00e9valuation via le&nbsp;<a href=\"https:\/\/platform.rez-care.com\/\" target=\"_blank\" rel=\"noreferrer noopener\">questionnaire en ligne<\/a><br>\ud83d\udedf Notre \u00e9quipe d\u2019experts est \u00e0 votre service pour du&nbsp;<a href=\"https:\/\/rez-care.com\/soutien-individuel\/\" target=\"_blank\" rel=\"noreferrer noopener\">soutien individuel<\/a><br>\u2699\ufe0f Consultez nos&nbsp;<a href=\"https:\/\/rez-care.com\/solutions-entreprises\/\" target=\"_blank\" rel=\"noreferrer noopener\">solutions pour les entreprises et organisations<\/a><br>\ud83d\udce1 D\u00e9couvrez nos actions de sensibilisation grand public via&nbsp;<a href=\"http:\/\/www.rezalliance.com\/\" target=\"_blank\" rel=\"noreferrer noopener\">Rezalliance<\/a>&nbsp;association, et la \u00ab&nbsp;<a href=\"http:\/\/www.24may.org\/\" target=\"_blank\" rel=\"noreferrer noopener\">Journ\u00e9e internationale contre le harc\u00e8lement et pour l\u2019inclusion dans le monde du travail<\/a>\u00ab&nbsp;<\/p>\n<\/div>\n<\/div>\n\n\n\n<p><\/p>\n","protected":false},"excerpt":{"rendered":"<p>Le diversity washing s\u2019inspire directement du concept de greenwashing, n\u00e9 dans les ann\u00e9es 1980 pour d\u00e9noncer les pratiques d\u2019entreprises se pr\u00e9sentant comme \u00e9coresponsables sans pour autant modifier r\u00e9ellement leurs actions polluantes.<\/p>\n<p>De la m\u00eame mani\u00e8re, le diversity washing fait r\u00e9f\u00e9rence \u00e0 la pr\u00e9sentation trompeuse des efforts en mati\u00e8re de diversit\u00e9, avec pour objectif de projeter une image d\u2019inclusivit\u00e9 qui ne refl\u00e8te pas la r\u00e9alit\u00e9 des pratiques internes. Ce terme met en lumi\u00e8re des actions superficielles visant \u00e0 am\u00e9liorer la r\u00e9putation d\u2019une organisation plut\u00f4t qu\u2019\u00e0 promouvoir une culture v\u00e9ritablement inclusive.<\/p>\n","protected":false},"author":2,"featured_media":29526,"comment_status":"closed","ping_status":"closed","sticky":false,"template":"","format":"standard","meta":{"_et_pb_use_builder":"off","_et_pb_old_content":"<!-- wp:paragraph -->\n<p><\/p>\n<!-- \/wp:paragraph -->\n\n<!-- wp:image {\"id\":29395,\"sizeSlug\":\"full\",\"linkDestination\":\"none\",\"align\":\"center\",\"className\":\"is-style-default\"} -->\n<figure class=\"wp-block-image aligncenter size-full is-style-default\"><img src=\"https:\/\/rez-care.com\/wp-content\/uploads\/2024\/09\/business-groupe-31.jpg\" alt=\"\" class=\"wp-image-29395\"\/><figcaption class=\"wp-element-caption\">Photo of a creative business team busy at a meeting<\/figcaption><\/figure>\n<!-- \/wp:image -->\n\n<!-- wp:heading -->\n<h2 class=\"wp-block-heading\"><strong>Pr\u00e9ambule<\/strong><\/h2>\n<!-- \/wp:heading -->\n\n<!-- wp:paragraph -->\n<p>La pr\u00e9vention du harc\u00e8lement au travail n'est pas seulement une obligation l\u00e9gale, c'est aussi un levier puissant pour lib\u00e9rer la cr\u00e9ativit\u00e9 et l'innovation au sein des entreprises. Lorsque les individus se sentent en s\u00e9curit\u00e9, respect\u00e9s et valoris\u00e9, ils sont plus enclins \u00e0 exprimer leurs id\u00e9es et \u00e0 collaborer de mani\u00e8re efficace. Cet article traite de l'<strong>importance cruciale de la pr\u00e9vention du harc\u00e8lement dans le milieu professionnel<\/strong> et en quoi elle est un facteur cl\u00e9 pour lib\u00e9rer la cr\u00e9ativit\u00e9 et l'innovation, <strong>transformant l'environnement de travail en havre de paix et de respect mutuel<\/strong>. Nous examinerons les diff\u00e9rentes formes de harc\u00e8lement, les politiques de signalement n\u00e9cessaires, ainsi que les formations et sensibilisations indispensables. Enfin, nous explorerons la cr\u00e9ation d'une culture de respect, essentielle pour d\u00e9velopper un environnement de travail sain et productif.<\/p>\n<!-- \/wp:paragraph -->\n\n<!-- wp:heading -->\n<h2 class=\"wp-block-heading\"><strong>Comprendre les diff\u00e9rentes formes de harc\u00e8lement<\/strong><\/h2>\n<!-- \/wp:heading -->\n\n<!-- wp:paragraph -->\n<p>Le harc\u00e8lement au travail peut prendre de nombreuses formes qu'il est absolument crucial d'identifier pour mieux les pr\u00e9venir. <\/p>\n<!-- \/wp:paragraph -->\n\n<!-- wp:paragraph -->\n<p>Tout d'abord, le <strong>harc\u00e8lement moral ou psychologique,<\/strong> souvent insidieux, se manifeste par des comportements r\u00e9p\u00e9t\u00e9s visant \u00e0 d\u00e9nigrer et blesser une personne, d\u00e9gradant ainsi ses conditions de travail. Cela peut inclure des <strong>critiques incessantes<\/strong>, des <strong>humiliations <\/strong>\u00e0 huis clos ou en public ou de l'<strong>isolement <\/strong>social. Ce type de harc\u00e8lement a des <strong>effets d\u00e9vastateurs sur la sant\u00e9 et la motivation<\/strong> des cibles, les rendant moins enclines \u00e0 participer activement aux projets et activit\u00e9s et \u00e0 proposer des id\u00e9es innovantes.<\/p>\n<!-- \/wp:paragraph -->\n\n<!-- wp:paragraph -->\n<p>Ensuite, le <strong>harc\u00e8lement sexuel <\/strong>qui cr\u00e9e aussi un environnement de travail hostile. Les comportements inappropri\u00e9s comme des avances non d\u00e9sir\u00e9es ou des commentaires \u00e0 connotation sexuelle affectent non seulement la sant\u00e9 de la victime, mais instaurer \u00e9galement un climat de peur et de m\u00e9fiance au sein de l'\u00e9quipe. <\/p>\n<!-- \/wp:paragraph -->\n\n<!-- wp:paragraph -->\n<p>Il y a aussi le <strong>harc\u00e8lement discriminatoire<\/strong>, bas\u00e9 sur des crit\u00e8res tels que l'\u00e2ge, le sexe, l'origine ethnique, la religion ou l'orientation sexuelle. Ce type de harc\u00e8lement cr\u00e9e des divisions au sein des \u00e9quipes et emp\u00eache la diversit\u00e9 des id\u00e9es et perspectives, essentielles pour l'innovation. <\/p>\n<!-- \/wp:paragraph -->\n\n<!-- wp:paragraph -->\n<p>Enfin, le <strong>harc\u00e8lement institutionnel <\/strong>d\u00e9signe des pratiques abusives, syst\u00e9matiques et r\u00e9p\u00e9t\u00e9es, mises en place ou tol\u00e9r\u00e9es par une organisation, qui portent atteinte \u00e0 la dignit\u00e9, aux droits ou au bien-\u00eatre de ses membres. Il peut se manifester \u00e0 travers des <strong>politiques, des proc\u00e9dures ou des comportements qui renforcent une culture de discrimination, d'exclusion ou de pression excessive<\/strong>, cr\u00e9ant un environnement toxique pour les individus cibl\u00e9s.<\/p>\n<!-- \/wp:paragraph -->\n\n<!-- wp:paragraph -->\n<p>Il est imp\u00e9ratif de comprendre que tous les types de harc\u00e8lement n'affectent pas seulement les individus directement concern\u00e9s. L<strong>'ensemble de l'environnement<\/strong> de travail est \u00e9galement impact\u00e9, ce qui limite la collaboration et la cr\u00e9ativit\u00e9. En comprenant et en identifiant les diff\u00e9rentes formes de harc\u00e8lement, les entreprises et organisations peuvent mettre en place des strat\u00e9gies de pr\u00e9vention efficaces pour favoriser un environnement de travail plus serein et productif.<\/p>\n<!-- \/wp:paragraph -->\n\n<!-- wp:heading -->\n<h2 class=\"wp-block-heading\"><strong>\u00c9tablir des politiques et des proc\u00e9dures de signalement<\/strong> <strong>claires<\/strong>. <\/h2>\n<!-- \/wp:heading -->\n\n<!-- wp:paragraph -->\n<p>Pour pr\u00e9venir le harc\u00e8lement au travail, il est essentiel d'\u00e9tablir des politiques claires et des proc\u00e9dures de signalement accessibles \u00e0 toutes les personnes qui travaillent au sein de l'organisation. Ces politiques doivent <strong>d\u00e9finir explicitement ce qu'est le harc\u00e8lement, les comportements inacceptables et les cons\u00e9quences<\/strong> pour les individus qui les adoptent. Une <strong>politique bien formalis\u00e9e<\/strong> est le premier pas vers la cr\u00e9ation d'un environnement de travail s\u00e9curisant et respectueux.<\/p>\n<!-- \/wp:paragraph -->\n\n<!-- wp:paragraph -->\n<p>Les <strong>proc\u00e9dures de signalement doivent \u00eatre simples, confidentielles et accessibles<\/strong>. Ainsi, il est imp\u00e9ratif que l'ensemble du personnel sache comment signaler une situation probl\u00e9matique sans craindre des repr\u00e9sailles. Les canaux de communication peuvent inclure des bo\u00eetes \u00e0 suggestions anonymes, des <strong><a href=\"http:\/\/platform.rez-care.com\" target=\"_blank\" rel=\"noreferrer noopener\">lignes t\u00e9l\u00e9phoniques d\u00e9di\u00e9es ou des portails en ligne s\u00e9curis\u00e9s (1)<\/a><\/strong>. Assurer la confidentialit\u00e9 des plaintes encourage les victimes et les t\u00e9moins \u00e0 se manifester, permettant de traiter les cas de mani\u00e8re proactive.<\/p>\n<!-- \/wp:paragraph -->\n\n<!-- wp:paragraph -->\n<p>De plus, il est important que les entreprises mettent en place un <strong>comit\u00e9 ou un groupe de travail charg\u00e9 de g\u00e9rer les plaintes de harc\u00e8lement<\/strong>. Ce groupe doit recevoir une formation ad\u00e9quate pour analyser les all\u00e9gations et diligenter des enqu\u00eates impartiales afin de permettre \u00e0 l'employeur de prendre des mesures appropri\u00e9es. En ayant des politiques et proc\u00e9dures claires, les entreprises montrent leur engagement \u00e0 maintenir un environnement de travail respectueux de l'int\u00e9grit\u00e9 des individus et \u00e0 encourager la participation active de tous les collaborateurs et collaboratrices sans crainte de repr\u00e9sailles.<\/p>\n<!-- \/wp:paragraph -->\n\n<!-- wp:heading -->\n<h2 class=\"wp-block-heading\"><strong>Former et sensibiliser \u00e0 tous les niveaux de hi\u00e9rarchie.<\/strong><\/h2>\n<!-- \/wp:heading -->\n\n<!-- wp:paragraph -->\n<p>La formation et la sensibilisation sont primordiales pour pr\u00e9venir le harc\u00e8lement au travail. L'ensemble du personnel, quel que soit le niveau hi\u00e9rarchique, doit \u00eatre form\u00e9 pour reconna\u00eetre les comportements \u00e0 risque et savoir comment r\u00e9agir. Pour \u00eatre efficaces, les formation doivent apporter un \u00e9clairage sur <strong>les concepts cl\u00e9s<\/strong> avec des <strong>exemples concrets<\/strong> et int\u00e9grer <strong>une mise en situation et des discussions ouvertes<\/strong>.<\/p>\n<!-- \/wp:paragraph -->\n\n<!-- wp:paragraph -->\n<p>Les responsables d'\u00e9quipe jouent un r\u00f4le crucial dans la pr\u00e9vention du harc\u00e8lement. En plus de la sensibilisation g\u00e9n\u00e9rale, une formation additionnelle leur est n\u00e9cessaire pour apprendre \u00e0 <strong>g\u00e9rer les plaintes de mani\u00e8re appropri\u00e9e <\/strong>afin de maintenir un environnement de travail positif. Ainsi, une formation sp\u00e9cifique pour les managers doit inclure \u00e0 minima des <strong>techniques de communication, des strat\u00e9gies de r\u00e9solution de conflits et des outils pour promouvoir une culture de respect au sein de leurs \u00e9quipes.<\/strong> En \u00e9tant bien form\u00e9s, les managers peuvent agir comme des <strong>mod\u00e8les et des r\u00e9f\u00e9rants<\/strong> dans la lutte contre le harc\u00e8lement.<\/p>\n<!-- \/wp:paragraph -->\n\n<!-- wp:paragraph -->\n<p>La sensibilisation doit \u00eatre un <strong>effort continu<\/strong> qui passe par l'organisation r\u00e9guli\u00e8res d'action via des ateliers, s\u00e9minaires et campagnes de communication pour maintenir le sujet \u00e0 l'ordre du jour. En int\u00e9grant ainsi la pr\u00e9vention du harc\u00e8lement dans la culture d'entreprise, il est constamment rappel\u00e9 \u00e0 l'attention de tout le monde, en interne comme en externe, que le protection de l'int\u00e9grit\u00e9 est au coeur des pratiques organisationnelles. C'est un <strong>investissement <\/strong>qui favorise un environnement plus sain, plus innovant et plus productif sur le long terme.<\/p>\n<!-- \/wp:paragraph -->\n\n<!-- wp:heading -->\n<h2 class=\"wp-block-heading\"><strong>Cr\u00e9er une culture de respect, de soutien et feedback.<\/strong><\/h2>\n<!-- \/wp:heading -->\n\n<!-- wp:paragraph -->\n<p>La cr\u00e9ation d'une culture de respect, de soutien et de feedback est essentielle pour pr\u00e9venir le harc\u00e8lement au travail et favoriser un climat propice \u00e0 la cr\u00e9ativit\u00e9 et \u00e0 l'innovation. Une telle culture repose sur des <strong>valeurs partag\u00e9es <\/strong>par toute l'organisation, de la <strong>direction <\/strong>aux <strong>employ\u00e9.e.s, <\/strong> y compris les<strong> apprentie.e.s, stagiaires et <\/strong>le personnel en contrat temporaire comme les<strong> int\u00e9rimaires et les consultant.es<\/strong>. Les membres de l'\u00e9quipe de direction doivent bien s\u00fbr montrer l'exemple en adoptant des comportements respectueux et en encourageant une communication ouverte sur toutes les probl\u00e9matiques en lien avec la sph\u00e8re professionnelle.<\/p>\n<!-- \/wp:paragraph -->\n\n<!-- wp:paragraph -->\n<p>Les<strong> initiatives de reconnaissance et de valorisation des employ\u00e9.es<\/strong> contribuent \u00e9galement \u00e0 cr\u00e9er un environnement de travail positif. Lorsqu'une personne se sent appr\u00e9ci\u00e9e et respect\u00e9e, elle est plus encline \u00e0 partager ses id\u00e9es et \u00e0 collaborer. Des programmes qui r\u00e9compensent des <strong>d\u00e9marches proactives et constructives <\/strong>vont renforcer le sentiment d'appartenance.<\/p>\n<!-- \/wp:paragraph -->\n\n<!-- wp:paragraph -->\n<p>Par ailleurs, il est crucial de <strong>promouvoir la pluralit\u00e9 <\/strong>au sein de l'entreprise. La diversit\u00e9 des perspectives et des exp\u00e9riences est un atout majeur pour l'innovation. En cr\u00e9ant un environnement o\u00f9 chaque \u00eatre humain se sent respect\u00e9 et inclus, quelles que soient les <strong>diff\u00e9rences d\u00e9mographiques ou cognitives<\/strong>, les employeurs vont b\u00e9n\u00e9ficier d'une multitude d'id\u00e9es et de solutions cr\u00e9atives. <strong>L'inclusion r\u00e9elle doit \u00eatre une priorit\u00e9 dans toutes les politiques et pratiques organisationnelles, de la s\u00e9lection du personnel \u00e0 la prise de d\u00e9cision strat\u00e9gique<\/strong>. En cultivant une culture de respect, de soutien et de feedback, les entreprises et organisations vont non seulement pr\u00e9venir le harc\u00e8lement, mais aussi lib\u00e9rer le potentiel cr\u00e9atif de leurs employ\u00e9.e.s.<\/p>\n<!-- \/wp:paragraph -->\n\n<!-- wp:heading -->\n<h2 class=\"wp-block-heading\"><strong>Vers un environnement de travail respectueux et inclusif<\/strong>.<\/h2>\n<!-- \/wp:heading -->\n\n<!-- wp:paragraph -->\n<p>En conclusion, comprendre les diff\u00e9rentes formes de harc\u00e8lement et leur m\u00e9canismes est la premi\u00e8re \u00e9tape et aussi la plus essentielle pour pr\u00e9venir le harc\u00e8lement au travail. Qu'il s'agisse de harc\u00e8lement moral, sexuel, discriminatoire ou institutionnel, chacune des formes a implications graves pour les individus, leur \u00e9quipe et l'ensemble de l'organisation. En adoptant des politiques de signalement claires et accessibles, les entreprises d\u00e9montrent leur engagement envers un environnement de travail s\u00e9curisant et respectueux. La formation et la sensibilisation \u00e0 tous les niveaux, jouant un r\u00f4le crucial dans l'a reconnaissance dans l'identification et la gestion proactive des comportements  \u00e0 risque.<\/p>\n<!-- \/wp:paragraph -->\n\n<!-- wp:paragraph -->\n<p>Cr\u00e9er une culture de respect, de soutien et de feedback, est indispensable pour favoriser un climat propice \u00e0 la cr\u00e9ativit\u00e9 et \u00e0 l'innovation. En valorisant la diversit\u00e9 sous toutes ses formes et en promouvant l'inclusion effective, les entreprises et organisations pourront tirer parti d'une multitude d'id\u00e9es et de perspectives pour devenir plus performantes. <\/p>\n<!-- \/wp:paragraph -->\n\n<!-- wp:paragraph -->\n<p>Nous le constatons r\u00e9guli\u00e8rement lors de nos diverses interventions: lorsqu'une personne se sent respect\u00e9e et incluse, elle est plus encline \u00e0 collaborer, partager ses connaissances et proposer des solutions innovantes.<\/p>\n<!-- \/wp:paragraph -->\n\n<!-- wp:paragraph -->\n<p>Que pensez-vous de ces strat\u00e9gies de pr\u00e9vention du harc\u00e8lement au travail? Partagez vos r\u00e9flexions et vos exp\u00e9riences dans les commentaires ci-dessous.<\/p>\n<!-- \/wp:paragraph -->\n\n<!-- wp:paragraph -->\n<p>(1) Nous pr\u00e9conisons la mise en place d'une plateforme d'\u00e9coute externe et ind\u00e9pendante qui permettra aux personnes, cibles ou t\u00e9moins, de se sentir en s\u00e9curit\u00e9 pour t\u00e9moigner. \ud83d\udc49 <a href=\"http:\/\/www.platform.rez-care.com\" target=\"_blank\" rel=\"noreferrer noopener\">platform.rez-care.com<\/a> <\/p>\n<!-- \/wp:paragraph -->\n\n<!-- wp:heading -->\n<h2 class=\"wp-block-heading\"><strong>D\u00e9couvrez nos solutions...<\/strong><\/h2>\n<!-- \/wp:heading -->\n\n<!-- wp:columns -->\n<div class=\"wp-block-columns\"><!-- wp:column {\"width\":\"100%\"} -->\n<div class=\"wp-block-column\" style=\"flex-basis:100%\"><!-- wp:paragraph -->\n<p>\u2705 <a href=\"https:\/\/rez-care.com\/soutien-individuel\/\">Soutien individuel<\/a><br>\u2705 <a href=\"https:\/\/rez-care.com\/solutions-entreprises\/\">Solutions entreprises et organisations<\/a><br>\u2705 Sensibilisation g\u00e9n\u00e9rale via <a href=\"http:\/\/www.rezalliance.com\">Rezalliance<\/a> association, \u00e0 travers la \"Journ\u00e9e internationale contre le harc\u00e8lement et pour l'inclusion dans le monde du travail\" (<a href=\"http:\/\/www.24may.org\">www.24may.org<\/a>)<\/p>\n<!-- \/wp:paragraph --><\/div>\n<!-- \/wp:column --><\/div>\n<!-- \/wp:columns -->\n\n<!-- wp:paragraph -->\n<p><\/p>\n<!-- \/wp:paragraph -->","_et_gb_content_width":"","footnotes":""},"categories":[1],"tags":[],"class_list":["post-29525","post","type-post","status-publish","format-standard","has-post-thumbnail","hentry","category-uncategorized"],"yoast_head":"<!-- This site is optimized with the Yoast SEO plugin v27.4 - https:\/\/yoast.com\/product\/yoast-seo-wordpress\/ -->\n<title>Le &quot;Diversity washing&quot; et ses multiples facettes.<\/title>\n<meta name=\"description\" content=\"Diversity washing et ses multiples facettes: Quand la diversit\u00e9 sert \u00e0 faire diversion pour camoufler l&#039;absence de pratiques inclusives.\" \/>\n<meta name=\"robots\" content=\"index, follow, max-snippet:-1, max-image-preview:large, max-video-preview:-1\" \/>\n<link rel=\"canonical\" href=\"https:\/\/rez-care.com\/fr\/le-diversity-washing-et-ses-multiples-facettes\/\" \/>\n<meta property=\"og:locale\" content=\"fr_FR\" \/>\n<meta property=\"og:type\" content=\"article\" \/>\n<meta property=\"og:title\" content=\"Le &quot;Diversity washing&quot; et ses multiples facettes.\" \/>\n<meta property=\"og:description\" content=\"Diversity washing et ses multiples facettes: Quand la diversit\u00e9 sert \u00e0 faire diversion pour camoufler l&#039;absence de pratiques inclusives.\" \/>\n<meta property=\"og:url\" content=\"https:\/\/rez-care.com\/fr\/le-diversity-washing-et-ses-multiples-facettes\/\" \/>\n<meta property=\"og:site_name\" content=\"rez-care.com\" \/>\n<meta property=\"article:published_time\" content=\"2024-10-30T21:43:33+00:00\" \/>\n<meta property=\"article:modified_time\" content=\"2026-02-08T17:11:09+00:00\" \/>\n<meta property=\"og:image\" content=\"https:\/\/rez-care.com\/wp-content\/uploads\/2024\/10\/AdobeStock_181009743-scaled.jpg\" \/>\n\t<meta property=\"og:image:width\" content=\"2560\" \/>\n\t<meta property=\"og:image:height\" content=\"1707\" \/>\n\t<meta property=\"og:image:type\" content=\"image\/jpeg\" \/>\n<meta name=\"author\" content=\"Joelle Payom\" \/>\n<meta name=\"twitter:card\" content=\"summary_large_image\" \/>\n<meta name=\"twitter:label1\" content=\"\u00c9crit par\" \/>\n\t<meta name=\"twitter:data1\" content=\"Joelle Payom\" \/>\n\t<meta name=\"twitter:label2\" content=\"Dur\u00e9e de lecture estim\u00e9e\" \/>\n\t<meta name=\"twitter:data2\" content=\"5 minutes\" \/>\n<script type=\"application\/ld+json\" class=\"yoast-schema-graph\">{\"@context\":\"https:\\\/\\\/schema.org\",\"@graph\":[{\"@type\":\"Article\",\"@id\":\"https:\\\/\\\/rez-care.com\\\/le-diversity-washing-et-ses-multiples-facettes\\\/#article\",\"isPartOf\":{\"@id\":\"https:\\\/\\\/rez-care.com\\\/le-diversity-washing-et-ses-multiples-facettes\\\/\"},\"author\":{\"name\":\"Joelle Payom\",\"@id\":\"https:\\\/\\\/rez-care.com\\\/#\\\/schema\\\/person\\\/b43b4a3a7ba847bd1bc87d1c3054bf69\"},\"headline\":\"Le \u00ab\u00a0diversity washing\u00a0\u00bb et ses multiples facettes.\",\"datePublished\":\"2024-10-30T21:43:33+00:00\",\"dateModified\":\"2026-02-08T17:11:09+00:00\",\"mainEntityOfPage\":{\"@id\":\"https:\\\/\\\/rez-care.com\\\/le-diversity-washing-et-ses-multiples-facettes\\\/\"},\"wordCount\":995,\"publisher\":{\"@id\":\"https:\\\/\\\/rez-care.com\\\/#organization\"},\"image\":{\"@id\":\"https:\\\/\\\/rez-care.com\\\/le-diversity-washing-et-ses-multiples-facettes\\\/#primaryimage\"},\"thumbnailUrl\":\"https:\\\/\\\/rez-care.com\\\/wp-content\\\/uploads\\\/2024\\\/10\\\/AdobeStock_181009743-scaled.jpg\",\"articleSection\":[\"Uncategorized\"],\"inLanguage\":\"fr-FR\"},{\"@type\":\"WebPage\",\"@id\":\"https:\\\/\\\/rez-care.com\\\/le-diversity-washing-et-ses-multiples-facettes\\\/\",\"url\":\"https:\\\/\\\/rez-care.com\\\/le-diversity-washing-et-ses-multiples-facettes\\\/\",\"name\":\"Le \\\"Diversity washing\\\" et ses multiples facettes.\",\"isPartOf\":{\"@id\":\"https:\\\/\\\/rez-care.com\\\/#website\"},\"primaryImageOfPage\":{\"@id\":\"https:\\\/\\\/rez-care.com\\\/le-diversity-washing-et-ses-multiples-facettes\\\/#primaryimage\"},\"image\":{\"@id\":\"https:\\\/\\\/rez-care.com\\\/le-diversity-washing-et-ses-multiples-facettes\\\/#primaryimage\"},\"thumbnailUrl\":\"https:\\\/\\\/rez-care.com\\\/wp-content\\\/uploads\\\/2024\\\/10\\\/AdobeStock_181009743-scaled.jpg\",\"datePublished\":\"2024-10-30T21:43:33+00:00\",\"dateModified\":\"2026-02-08T17:11:09+00:00\",\"description\":\"Diversity washing et ses multiples facettes: Quand la diversit\u00e9 sert \u00e0 faire diversion pour camoufler l'absence de pratiques inclusives.\",\"breadcrumb\":{\"@id\":\"https:\\\/\\\/rez-care.com\\\/le-diversity-washing-et-ses-multiples-facettes\\\/#breadcrumb\"},\"inLanguage\":\"fr-FR\",\"potentialAction\":[{\"@type\":\"ReadAction\",\"target\":[\"https:\\\/\\\/rez-care.com\\\/le-diversity-washing-et-ses-multiples-facettes\\\/\"]}]},{\"@type\":\"ImageObject\",\"inLanguage\":\"fr-FR\",\"@id\":\"https:\\\/\\\/rez-care.com\\\/le-diversity-washing-et-ses-multiples-facettes\\\/#primaryimage\",\"url\":\"https:\\\/\\\/rez-care.com\\\/wp-content\\\/uploads\\\/2024\\\/10\\\/AdobeStock_181009743-scaled.jpg\",\"contentUrl\":\"https:\\\/\\\/rez-care.com\\\/wp-content\\\/uploads\\\/2024\\\/10\\\/AdobeStock_181009743-scaled.jpg\",\"width\":2560,\"height\":1707},{\"@type\":\"BreadcrumbList\",\"@id\":\"https:\\\/\\\/rez-care.com\\\/le-diversity-washing-et-ses-multiples-facettes\\\/#breadcrumb\",\"itemListElement\":[{\"@type\":\"ListItem\",\"position\":1,\"name\":\"Accueil\",\"item\":\"https:\\\/\\\/rez-care.com\\\/\"},{\"@type\":\"ListItem\",\"position\":2,\"name\":\"Le \u00ab\u00a0diversity washing\u00a0\u00bb et ses multiples facettes.\"}]},{\"@type\":\"WebSite\",\"@id\":\"https:\\\/\\\/rez-care.com\\\/#website\",\"url\":\"https:\\\/\\\/rez-care.com\\\/\",\"name\":\"La plateforme rez-care.com\",\"description\":\"Pr\u00e9vention des risques psychosociaux et harc\u00e8lement au travail\",\"publisher\":{\"@id\":\"https:\\\/\\\/rez-care.com\\\/#organization\"},\"potentialAction\":[{\"@type\":\"SearchAction\",\"target\":{\"@type\":\"EntryPoint\",\"urlTemplate\":\"https:\\\/\\\/rez-care.com\\\/?s={search_term_string}\"},\"query-input\":{\"@type\":\"PropertyValueSpecification\",\"valueRequired\":true,\"valueName\":\"search_term_string\"}}],\"inLanguage\":\"fr-FR\"},{\"@type\":\"Organization\",\"@id\":\"https:\\\/\\\/rez-care.com\\\/#organization\",\"name\":\"La plateforme rez-care.com\",\"url\":\"https:\\\/\\\/rez-care.com\\\/\",\"logo\":{\"@type\":\"ImageObject\",\"inLanguage\":\"fr-FR\",\"@id\":\"https:\\\/\\\/rez-care.com\\\/#\\\/schema\\\/logo\\\/image\\\/\",\"url\":\"https:\\\/\\\/rez-care.com\\\/wp-content\\\/uploads\\\/2024\\\/02\\\/logo.png\",\"contentUrl\":\"https:\\\/\\\/rez-care.com\\\/wp-content\\\/uploads\\\/2024\\\/02\\\/logo.png\",\"width\":222,\"height\":227,\"caption\":\"La plateforme rez-care.com\"},\"image\":{\"@id\":\"https:\\\/\\\/rez-care.com\\\/#\\\/schema\\\/logo\\\/image\\\/\"}},{\"@type\":\"Person\",\"@id\":\"https:\\\/\\\/rez-care.com\\\/#\\\/schema\\\/person\\\/b43b4a3a7ba847bd1bc87d1c3054bf69\",\"name\":\"Joelle Payom\",\"image\":{\"@type\":\"ImageObject\",\"inLanguage\":\"fr-FR\",\"@id\":\"https:\\\/\\\/secure.gravatar.com\\\/avatar\\\/7081bc0902fe5b99187f6c5d46cb4dd368eac4d8fc04ae56a85e5fac5ba17591?s=96&d=mm&r=g\",\"url\":\"https:\\\/\\\/secure.gravatar.com\\\/avatar\\\/7081bc0902fe5b99187f6c5d46cb4dd368eac4d8fc04ae56a85e5fac5ba17591?s=96&d=mm&r=g\",\"contentUrl\":\"https:\\\/\\\/secure.gravatar.com\\\/avatar\\\/7081bc0902fe5b99187f6c5d46cb4dd368eac4d8fc04ae56a85e5fac5ba17591?s=96&d=mm&r=g\",\"caption\":\"Joelle Payom\"},\"url\":\"https:\\\/\\\/rez-care.com\\\/fr\\\/author\\\/joelle\\\/\"}]}<\/script>\n<!-- \/ Yoast SEO plugin. -->","yoast_head_json":{"title":"Le \"Diversity washing\" et ses multiples facettes.","description":"Diversity washing et ses multiples facettes: Quand la diversit\u00e9 sert \u00e0 faire diversion pour camoufler l'absence de pratiques inclusives.","robots":{"index":"index","follow":"follow","max-snippet":"max-snippet:-1","max-image-preview":"max-image-preview:large","max-video-preview":"max-video-preview:-1"},"canonical":"https:\/\/rez-care.com\/fr\/le-diversity-washing-et-ses-multiples-facettes\/","og_locale":"fr_FR","og_type":"article","og_title":"Le \"Diversity washing\" et ses multiples facettes.","og_description":"Diversity washing et ses multiples facettes: Quand la diversit\u00e9 sert \u00e0 faire diversion pour camoufler l'absence de pratiques inclusives.","og_url":"https:\/\/rez-care.com\/fr\/le-diversity-washing-et-ses-multiples-facettes\/","og_site_name":"rez-care.com","article_published_time":"2024-10-30T21:43:33+00:00","article_modified_time":"2026-02-08T17:11:09+00:00","og_image":[{"width":2560,"height":1707,"url":"https:\/\/rez-care.com\/wp-content\/uploads\/2024\/10\/AdobeStock_181009743-scaled.jpg","type":"image\/jpeg"}],"author":"Joelle Payom","twitter_card":"summary_large_image","twitter_misc":{"\u00c9crit par":"Joelle Payom","Dur\u00e9e de lecture estim\u00e9e":"5 minutes"},"schema":{"@context":"https:\/\/schema.org","@graph":[{"@type":"Article","@id":"https:\/\/rez-care.com\/le-diversity-washing-et-ses-multiples-facettes\/#article","isPartOf":{"@id":"https:\/\/rez-care.com\/le-diversity-washing-et-ses-multiples-facettes\/"},"author":{"name":"Joelle Payom","@id":"https:\/\/rez-care.com\/#\/schema\/person\/b43b4a3a7ba847bd1bc87d1c3054bf69"},"headline":"Le \u00ab\u00a0diversity washing\u00a0\u00bb et ses multiples facettes.","datePublished":"2024-10-30T21:43:33+00:00","dateModified":"2026-02-08T17:11:09+00:00","mainEntityOfPage":{"@id":"https:\/\/rez-care.com\/le-diversity-washing-et-ses-multiples-facettes\/"},"wordCount":995,"publisher":{"@id":"https:\/\/rez-care.com\/#organization"},"image":{"@id":"https:\/\/rez-care.com\/le-diversity-washing-et-ses-multiples-facettes\/#primaryimage"},"thumbnailUrl":"https:\/\/rez-care.com\/wp-content\/uploads\/2024\/10\/AdobeStock_181009743-scaled.jpg","articleSection":["Uncategorized"],"inLanguage":"fr-FR"},{"@type":"WebPage","@id":"https:\/\/rez-care.com\/le-diversity-washing-et-ses-multiples-facettes\/","url":"https:\/\/rez-care.com\/le-diversity-washing-et-ses-multiples-facettes\/","name":"Le \"Diversity washing\" et ses multiples facettes.","isPartOf":{"@id":"https:\/\/rez-care.com\/#website"},"primaryImageOfPage":{"@id":"https:\/\/rez-care.com\/le-diversity-washing-et-ses-multiples-facettes\/#primaryimage"},"image":{"@id":"https:\/\/rez-care.com\/le-diversity-washing-et-ses-multiples-facettes\/#primaryimage"},"thumbnailUrl":"https:\/\/rez-care.com\/wp-content\/uploads\/2024\/10\/AdobeStock_181009743-scaled.jpg","datePublished":"2024-10-30T21:43:33+00:00","dateModified":"2026-02-08T17:11:09+00:00","description":"Diversity washing et ses multiples facettes: Quand la diversit\u00e9 sert \u00e0 faire diversion pour camoufler l'absence de pratiques inclusives.","breadcrumb":{"@id":"https:\/\/rez-care.com\/le-diversity-washing-et-ses-multiples-facettes\/#breadcrumb"},"inLanguage":"fr-FR","potentialAction":[{"@type":"ReadAction","target":["https:\/\/rez-care.com\/le-diversity-washing-et-ses-multiples-facettes\/"]}]},{"@type":"ImageObject","inLanguage":"fr-FR","@id":"https:\/\/rez-care.com\/le-diversity-washing-et-ses-multiples-facettes\/#primaryimage","url":"https:\/\/rez-care.com\/wp-content\/uploads\/2024\/10\/AdobeStock_181009743-scaled.jpg","contentUrl":"https:\/\/rez-care.com\/wp-content\/uploads\/2024\/10\/AdobeStock_181009743-scaled.jpg","width":2560,"height":1707},{"@type":"BreadcrumbList","@id":"https:\/\/rez-care.com\/le-diversity-washing-et-ses-multiples-facettes\/#breadcrumb","itemListElement":[{"@type":"ListItem","position":1,"name":"Accueil","item":"https:\/\/rez-care.com\/"},{"@type":"ListItem","position":2,"name":"Le \u00ab\u00a0diversity washing\u00a0\u00bb et ses multiples facettes."}]},{"@type":"WebSite","@id":"https:\/\/rez-care.com\/#website","url":"https:\/\/rez-care.com\/","name":"La plateforme rez-care.com","description":"Pr\u00e9vention des risques psychosociaux et harc\u00e8lement au travail","publisher":{"@id":"https:\/\/rez-care.com\/#organization"},"potentialAction":[{"@type":"SearchAction","target":{"@type":"EntryPoint","urlTemplate":"https:\/\/rez-care.com\/?s={search_term_string}"},"query-input":{"@type":"PropertyValueSpecification","valueRequired":true,"valueName":"search_term_string"}}],"inLanguage":"fr-FR"},{"@type":"Organization","@id":"https:\/\/rez-care.com\/#organization","name":"La plateforme rez-care.com","url":"https:\/\/rez-care.com\/","logo":{"@type":"ImageObject","inLanguage":"fr-FR","@id":"https:\/\/rez-care.com\/#\/schema\/logo\/image\/","url":"https:\/\/rez-care.com\/wp-content\/uploads\/2024\/02\/logo.png","contentUrl":"https:\/\/rez-care.com\/wp-content\/uploads\/2024\/02\/logo.png","width":222,"height":227,"caption":"La plateforme rez-care.com"},"image":{"@id":"https:\/\/rez-care.com\/#\/schema\/logo\/image\/"}},{"@type":"Person","@id":"https:\/\/rez-care.com\/#\/schema\/person\/b43b4a3a7ba847bd1bc87d1c3054bf69","name":"Joelle Payom","image":{"@type":"ImageObject","inLanguage":"fr-FR","@id":"https:\/\/secure.gravatar.com\/avatar\/7081bc0902fe5b99187f6c5d46cb4dd368eac4d8fc04ae56a85e5fac5ba17591?s=96&d=mm&r=g","url":"https:\/\/secure.gravatar.com\/avatar\/7081bc0902fe5b99187f6c5d46cb4dd368eac4d8fc04ae56a85e5fac5ba17591?s=96&d=mm&r=g","contentUrl":"https:\/\/secure.gravatar.com\/avatar\/7081bc0902fe5b99187f6c5d46cb4dd368eac4d8fc04ae56a85e5fac5ba17591?s=96&d=mm&r=g","caption":"Joelle Payom"},"url":"https:\/\/rez-care.com\/fr\/author\/joelle\/"}]}},"_links":{"self":[{"href":"https:\/\/rez-care.com\/fr\/wp-json\/wp\/v2\/posts\/29525","targetHints":{"allow":["GET"]}}],"collection":[{"href":"https:\/\/rez-care.com\/fr\/wp-json\/wp\/v2\/posts"}],"about":[{"href":"https:\/\/rez-care.com\/fr\/wp-json\/wp\/v2\/types\/post"}],"author":[{"embeddable":true,"href":"https:\/\/rez-care.com\/fr\/wp-json\/wp\/v2\/users\/2"}],"replies":[{"embeddable":true,"href":"https:\/\/rez-care.com\/fr\/wp-json\/wp\/v2\/comments?post=29525"}],"version-history":[{"count":19,"href":"https:\/\/rez-care.com\/fr\/wp-json\/wp\/v2\/posts\/29525\/revisions"}],"predecessor-version":[{"id":29792,"href":"https:\/\/rez-care.com\/fr\/wp-json\/wp\/v2\/posts\/29525\/revisions\/29792"}],"wp:featuredmedia":[{"embeddable":true,"href":"https:\/\/rez-care.com\/fr\/wp-json\/wp\/v2\/media\/29526"}],"wp:attachment":[{"href":"https:\/\/rez-care.com\/fr\/wp-json\/wp\/v2\/media?parent=29525"}],"wp:term":[{"taxonomy":"category","embeddable":true,"href":"https:\/\/rez-care.com\/fr\/wp-json\/wp\/v2\/categories?post=29525"},{"taxonomy":"post_tag","embeddable":true,"href":"https:\/\/rez-care.com\/fr\/wp-json\/wp\/v2\/tags?post=29525"}],"curies":[{"name":"wp","href":"https:\/\/api.w.org\/{rel}","templated":true}]}}