{"id":29502,"date":"2024-10-20T17:44:50","date_gmt":"2024-10-20T15:44:50","guid":{"rendered":"https:\/\/rez-care.com\/?p=29502"},"modified":"2026-02-08T18:11:17","modified_gmt":"2026-02-08T17:11:17","slug":"managers-8-actions-cles-pour-reduire-les-risques-psychosociaux","status":"publish","type":"post","link":"https:\/\/rez-care.com\/fr\/managers-8-actions-cles-pour-reduire-les-risques-psychosociaux\/","title":{"rendered":"Managers : 8 actions cl\u00e9s pour r\u00e9duire les risques psychosociaux."},"content":{"rendered":"\n<p><\/p>\n\n\n\n<figure class=\"wp-block-image aligncenter size-full is-style-default\"><img loading=\"lazy\" decoding=\"async\" width=\"1600\" height=\"984\" src=\"https:\/\/rez-care.com\/wp-content\/uploads\/2024\/02\/3rcho9yeb5g.jpg\" alt=\"3 x 3 rubiks cube\" class=\"wp-image-29227\" srcset=\"https:\/\/rez-care.com\/wp-content\/uploads\/2024\/02\/3rcho9yeb5g.jpg 1600w, https:\/\/rez-care.com\/wp-content\/uploads\/2024\/02\/3rcho9yeb5g-1280x787.jpg 1280w, https:\/\/rez-care.com\/wp-content\/uploads\/2024\/02\/3rcho9yeb5g-980x603.jpg 980w, https:\/\/rez-care.com\/wp-content\/uploads\/2024\/02\/3rcho9yeb5g-480x295.jpg 480w\" sizes=\"(min-width: 0px) and (max-width: 480px) 480px, (min-width: 481px) and (max-width: 980px) 980px, (min-width: 981px) and (max-width: 1280px) 1280px, (min-width: 1281px) 1600px, 100vw\" \/><\/figure>\n\n\n\n<p><\/p>\n\n\n\n<h2 class=\"wp-block-heading\"><strong>La pr\u00e9vention des risques psychosociaux (RPS) &#8211; Mission impossible ?<\/strong><\/h2>\n\n\n\n<p><\/p>\n\n\n\n<p>Quand on devient manager, on pense \u00e0 l&rsquo;augmentation du salaire, le titre, le \u00ab\u00a0pouvoir\u00a0\u00bb que cela va nous procurer, mais on pense rarement aux \u00ab\u00a0devoirs\u00a0\u00bb qui viennent avec cette promotion.<\/p>\n\n\n\n<p>Enfin, vous \u00eates MANAGER et vous vous appr\u00eatez \u00e0 relever ce d\u00e9fi passionnant, mais avez-vous r\u00e9alis\u00e9 que vos nouvelles responsabilit\u00e9s vont au-del\u00e0 des objectifs op\u00e9rationnels ? D\u00e9sormais, en tant que leader, vous devrez aussi veiller \u00e0 la sant\u00e9 et au bien-\u00eatre de vos \u00e9quipes, ce qui inclut la gestion des risques psychosociaux (RPS).<\/p>\n\n\n\n<p>Non, cela ne va dire que devenez responsable du \u00ab\u00a0bonheur\u00a0\u00bb des membres de votre \u00e9quipe, mais que vous devez \u00e9viter que l&rsquo;organisation et l&rsquo;environnement de travail ne m\u00e8nent au malheur&#8230; vous suivez ?<\/p>\n\n\n\n<p>Si le sujet semble complexe au premier abord, il n\u2019est pas insurmontable. En adoptant une approche m\u00e9thodique et pragmatique, il est possible de cr\u00e9er un cadre de travail dans lequel chaque individu puisse se sentir en s\u00e9curit\u00e9 et valoris\u00e9.<\/p>\n\n\n\n<p>Vous voulez savoir comment des actions simples peuvent avoir un impact important et durable sur l&rsquo;organisation et l&rsquo;environnement de travail ? <\/p>\n\n\n\n<h2 class=\"wp-block-heading\"><strong>Voici nos 8 conseils pratiques:<\/strong><\/h2>\n\n\n\n<p><\/p>\n\n\n\n<h3 class=\"wp-block-heading\">1.\u00c9valuez et r\u00e9ajustez la charge de travail<\/h3>\n\n\n\n<p>Trop de t\u00e2ches et pas assez de temps pour les r\u00e9aliser conduisent invariablement au burn-out sur le long terme. Un suivi r\u00e9gulier permet d&rsquo;identifier les points de surcharge et de r\u00e9ajuster la r\u00e9partition des missions au sein de l&rsquo;\u00e9quipe.<\/p>\n\n\n\n<h3 class=\"wp-block-heading\">2.Donnez de l&rsquo;autonomie<\/h3>\n\n\n\n<p>\u00c9vitez le micro-management et encouragez l&rsquo;autonomie pour favoriser la responsabilisation et la cr\u00e9ativit\u00e9. En effet, permettre \u00e0 un individu de planifier ses projets selon ses propres m\u00e9thodes va am\u00e9liorer sa productivit\u00e9. Le leadership inclusif, qui favorise la diversit\u00e9 des points de vue, implique de l\u00e2cher prise et de savoir d\u00e9l\u00e9guer en confiance.<\/p>\n\n\n\n<h3 class=\"wp-block-heading\">3.Soutenez vos \u00e9quipes<\/h3>\n\n\n\n<p>Un soutien moral et psychologique est essentiel pour le bien-\u00eatre des \u00e9quipes. Mettez en place un espace d&rsquo;\u00e9coute confidentielle pour les personnes traversant des moments difficiles. Invitez-les \u00e0 se confier \u00e0 des r\u00e9f\u00e9rents internes selon le dispositif en place dans votre organisation.<\/p>\n\n\n\n<h3 class=\"wp-block-heading\">4.Montrez votre reconnaissance<\/h3>\n\n\n\n<p>Un simple \u00ab\u00a0merci\u00a0\u00bb peut changer la journ\u00e9e d&rsquo;une personne. Ainsi, t\u00e9moigner r\u00e9guli\u00e8rement de la reconnaissance motive et fid\u00e9lise les \u00e9quipes, car cela valorise l&rsquo;investissement et l&rsquo;engagement. Cela passe par le fait de c\u00e9l\u00e9brer les petites comme les grandes r\u00e9alisations de chaque membre de l&rsquo;\u00e9quipe.<\/p>\n\n\n\n<h3 class=\"wp-block-heading\">5.Donnez du sens au travail effectu\u00e9<\/h3>\n\n\n\n<p>Il est important de rappeler l&rsquo;impact global du travail individuel, surtout lorsque les t\u00e2ches du quotidien semblent monotones. Montrez la connexion avec la mission globale de l&rsquo;organisation en reliant chaque t\u00e2che \u00e0 l&rsquo;objectif collectif.<\/p>\n\n\n\n<h3 class=\"wp-block-heading\">6.Communiquez sur les changements<\/h3>\n\n\n\n<p>Les changements non expliqu\u00e9s peuvent g\u00e9n\u00e9rer de l\u2019anxi\u00e9t\u00e9. Impliquer les \u00e9quipes dans le processus de transformation et adopter une communication transparente dans les p\u00e9riodes de crise ou de r\u00e9organisations permettra d&rsquo;adoucir la transition.<\/p>\n\n\n\n<h3 class=\"wp-block-heading\">7.Facilitez la conciliation travail-vie priv\u00e9e<\/h3>\n\n\n\n<p>L\u2019\u00e9quilibre entre vie professionnelle et vie priv\u00e9e est indispensable pour \u00e9viter le surmenage. Une organisation de travail flexible avec la possibilit\u00e9 d&rsquo;adapter les plages horaires de pr\u00e9sence sur site aux besoins individuels favorise un environnement de travail moins stressant.<\/p>\n\n\n\n<h3 class=\"wp-block-heading\">8.Bannissez toute forme de violence<\/h3>\n\n\n\n<p>Harc\u00e8lement, intimidation, violence verbale\u2026 Ces comportements n\u2019ont pas leur place au travail. La sensibilisation des \u00e9quipes et des formations en gestion proactive des incidents aident \u00e0 cr\u00e9er des espaces de travail s\u00e9curisants. Il est n\u00e9cessaire de former l&rsquo;ensemble du personnel \u00e0 la gestion des conflits en leur fournissant des outils pratiques pour d\u00e9samorcer les situations tendues. Notre outil de recueil de la parole (<a href=\"http:\/\/www.platform.rez-care.com\">www.platform.rez-care.com<\/a>) permet de d\u00e9tecter et d&rsquo;agir rapidement face aux comportements abusifs<strong> <\/strong>qu&rsquo;ils proviennent des employ\u00e9.es de l&rsquo;organisation ou de clients ou de partenaires externes.<\/p>\n\n\n\n<p><\/p>\n\n\n\n<p><strong>Rappel:<\/strong> La pr\u00e9vention des risques psychosociaux est non seulement une obligation l\u00e9gale de l&#8217;employeur mais \u00e9galement un investissement payant loin d&rsquo;\u00eatre compliqu\u00e9 \u00e0 mettre en oeuvre si on s\u2019y engage vraiment !<\/p>\n\n\n\n<p><\/p>\n\n\n\n<p>\ud83d\udca1 Etre responsable ne veut pas dire que vous deviez tout faire. Savoir d\u00e9l\u00e9guer et demander de l&rsquo;aide est une attitude saine pour un\/e Manager. Contactez-nous pour vous accompagner dans la mise en oeuvre de ces 8 conseils.<\/p>\n\n\n\n<p><\/p>\n\n\n\n<p><a href=\"https:\/\/www.rez-care.com\"><strong>Rez-care<\/strong>.com<\/a> est \u00e0 vos c\u00f4t\u00e9s pour vous accompagner avec des solutions sur mesure. Contactez-nous pour explorer nos services d&rsquo;audit, de formation et d&rsquo;accompagnement.<\/p>\n\n\n\n<p><\/p>\n\n\n\n<h2 class=\"wp-block-heading has-text-align-left\"><strong>D\u00e9couvrez nos solutions<\/strong> <\/h2>\n\n\n\n<div class=\"wp-block-columns is-layout-flex wp-container-core-columns-is-layout-9d6595d7 wp-block-columns-is-layout-flex\">\n<div class=\"wp-block-column is-layout-flow wp-block-column-is-layout-flow\" style=\"flex-basis:100%\">\n<p>\ud83d\udedf <a href=\"https:\/\/rez-care.com\/soutien-individuel\/\">Soutien individuel<\/a><br>\u2699\ufe0f <a href=\"https:\/\/rez-care.com\/solutions-entreprises\/\">Solutions entreprises et organisations<\/a><br>\ud83d\udce1 Sensibilisation g\u00e9n\u00e9rale via <a href=\"http:\/\/www.rezalliance.com\">Rezalliance<\/a> association, \u00e0 travers la \u00ab\u00a0Journ\u00e9e internationale contre le harc\u00e8lement et pour l&rsquo;inclusion dans le monde du travail\u00a0\u00bb (<a href=\"http:\/\/www.24may.org\">www.24may.org<\/a>)<\/p>\n<\/div>\n<\/div>\n\n\n\n<p><\/p>\n","protected":false},"excerpt":{"rendered":"<p>Le sujet peut sembler complexe, mais il n&rsquo;est pas insurmontable. Avec une approche m\u00e9thodique et pragmatique, il est possible de transformer les environnements de travail en profondeur pour r\u00e9duire les risques psychosociaux.<\/p>\n","protected":false},"author":2,"featured_media":29227,"comment_status":"closed","ping_status":"closed","sticky":false,"template":"","format":"standard","meta":{"_et_pb_use_builder":"off","_et_pb_old_content":"<!-- wp:paragraph -->\n<p><\/p>\n<!-- \/wp:paragraph -->\n\n<!-- wp:image {\"id\":29227,\"sizeSlug\":\"full\",\"linkDestination\":\"none\",\"align\":\"center\",\"className\":\"is-style-default\"} -->\n<figure class=\"wp-block-image aligncenter size-full is-style-default\"><img src=\"https:\/\/rez-care.com\/wp-content\/uploads\/2024\/02\/3rcho9yeb5g.jpg\" alt=\"3 x 3 rubiks cube\" class=\"wp-image-29227\"\/><figcaption class=\"wp-element-caption\">Rubiks cube<\/figcaption><\/figure>\n<!-- \/wp:image -->\n\n<!-- wp:paragraph -->\n<p><\/p>\n<!-- \/wp:paragraph -->\n\n<!-- wp:heading -->\n<h2 class=\"wp-block-heading\"><strong>La pr\u00e9vention des risques psychosociaux (RPS) - Mission impossible ?<\/strong><\/h2>\n<!-- \/wp:heading -->\n\n<!-- wp:paragraph -->\n<p><\/p>\n<!-- \/wp:paragraph -->\n\n<!-- wp:paragraph -->\n<p>Quand on devient manager, on pense \u00e0 l'augmentation du salaire, le titre, le \"pouvoir\" que cela va nous procurer, mais on pense rarement aux \"devoirs\" qui viennent avec cette promotion.<\/p>\n<!-- \/wp:paragraph -->\n\n<!-- wp:paragraph -->\n<p>Enfin, vous \u00eates MANAGER et vous vous appr\u00eatez \u00e0 relever ce d\u00e9fi passionnant, mais avez-vous r\u00e9alis\u00e9 que vos nouvelles responsabilit\u00e9s vont au-del\u00e0 des objectifs op\u00e9rationnels ? D\u00e9sormais, en tant que leader, vous devrez aussi veiller \u00e0 la sant\u00e9 et au bien-\u00eatre de vos \u00e9quipes, ce qui inclut la gestion des risques psychosociaux (RPS).<\/p>\n<!-- \/wp:paragraph -->\n\n<!-- wp:paragraph -->\n<p>Non, cela ne va dire que devenez responsable du \"bonheur\" des membres de votre \u00e9quipe, mais que vous devez \u00e9viter que l'organisation et l'environnement de travail ne m\u00e8nent au malheur... vous suivez ?<\/p>\n<!-- \/wp:paragraph -->\n\n<!-- wp:paragraph -->\n<p>Si le sujet semble complexe au premier abord, il n\u2019est pas insurmontable. En adoptant une approche m\u00e9thodique et pragmatique, il est possible de cr\u00e9er un cadre de travail dans lequel chaque individu puisse se sentir en s\u00e9curit\u00e9 et valoris\u00e9.<\/p>\n<!-- \/wp:paragraph -->\n\n<!-- wp:paragraph -->\n<p>Vous voulez savoir comment des actions simples peuvent avoir un impact important et durable sur l'organisation et l'environnement de travail ? <\/p>\n<!-- \/wp:paragraph -->\n\n<!-- wp:heading -->\n<h2 class=\"wp-block-heading\"><strong>Voici nos 8 conseils pratiques:<\/strong><\/h2>\n<!-- \/wp:heading -->\n\n<!-- wp:paragraph -->\n<p><\/p>\n<!-- \/wp:paragraph -->\n\n<!-- wp:heading {\"level\":3} -->\n<h3 class=\"wp-block-heading\">1.\u00c9valuez et r\u00e9ajustez la charge de travail<\/h3>\n<!-- \/wp:heading -->\n\n<!-- wp:paragraph -->\n<p>Trop de t\u00e2ches et pas assez de temps pour les r\u00e9aliser conduisent invariablement au burn-out sur le long terme. Un suivi r\u00e9gulier permet d'identifier les points de surcharge et de r\u00e9ajuster la r\u00e9partition des missions au sein de l'\u00e9quipe.<\/p>\n<!-- \/wp:paragraph -->\n\n<!-- wp:heading {\"level\":3} -->\n<h3 class=\"wp-block-heading\">2.Donnez de l'autonomie<\/h3>\n<!-- \/wp:heading -->\n\n<!-- wp:paragraph -->\n<p>\u00c9vitez le micro-management et encouragez l'autonomie pour favoriser la responsabilisation et la cr\u00e9ativit\u00e9. En effet, permettre \u00e0 un individu de planifier ses projets selon ses propres m\u00e9thodes va am\u00e9liorer sa productivit\u00e9. Le leadership inclusif, qui favorise la diversit\u00e9 des points de vue, implique de l\u00e2cher prise et de savoir d\u00e9l\u00e9guer en confiance.<\/p>\n<!-- \/wp:paragraph -->\n\n<!-- wp:heading {\"level\":3} -->\n<h3 class=\"wp-block-heading\">3.Soutenez vos \u00e9quipes<\/h3>\n<!-- \/wp:heading -->\n\n<!-- wp:paragraph -->\n<p>Un soutien moral et psychologique est essentiel pour le bien-\u00eatre des \u00e9quipes. Mettez en place un espace d'\u00e9coute confidentielle pour les personnes traversant des moments difficiles. Invitez-les \u00e0 se confier \u00e0 des r\u00e9f\u00e9rents internes selon le dispositif en place dans votre organisation.<\/p>\n<!-- \/wp:paragraph -->\n\n<!-- wp:heading {\"level\":3} -->\n<h3 class=\"wp-block-heading\">4.Montrez votre reconnaissance<\/h3>\n<!-- \/wp:heading -->\n\n<!-- wp:paragraph -->\n<p>Un simple \"merci\" peut changer la journ\u00e9e d'une personne. Ainsi, t\u00e9moigner r\u00e9guli\u00e8rement de la reconnaissance motive et fid\u00e9lise les \u00e9quipes, car cela valorise l'investissement et l'engagement. Cela passe par le fait de c\u00e9l\u00e9brer les petites comme les grandes r\u00e9alisations de chaque membre de l'\u00e9quipe.<\/p>\n<!-- \/wp:paragraph -->\n\n<!-- wp:heading {\"level\":3} -->\n<h3 class=\"wp-block-heading\">5.Donnez du sens au travail effectu\u00e9<\/h3>\n<!-- \/wp:heading -->\n\n<!-- wp:paragraph -->\n<p>Il est important de rappeler l'impact global du travail individuel, surtout lorsque les t\u00e2ches du quotidien semblent monotones. Montrez la connexion avec la mission globale de l'organisation en reliant chaque t\u00e2che \u00e0 l'objectif collectif.<\/p>\n<!-- \/wp:paragraph -->\n\n<!-- wp:heading {\"level\":3} -->\n<h3 class=\"wp-block-heading\">6.Communiquez sur les changements<\/h3>\n<!-- \/wp:heading -->\n\n<!-- wp:paragraph -->\n<p>Les changements non expliqu\u00e9s peuvent g\u00e9n\u00e9rer de l\u2019anxi\u00e9t\u00e9. Impliquer les \u00e9quipes dans le processus de transformation et adopter une communication transparente dans les p\u00e9riodes de crise ou de r\u00e9organisations permettra d'adoucir la transition.<\/p>\n<!-- \/wp:paragraph -->\n\n<!-- wp:heading {\"level\":3} -->\n<h3 class=\"wp-block-heading\">7.Facilitez la conciliation travail-vie priv\u00e9e<\/h3>\n<!-- \/wp:heading -->\n\n<!-- wp:paragraph -->\n<p>L\u2019\u00e9quilibre entre vie professionnelle et vie priv\u00e9e est indispensable pour \u00e9viter le surmenage. Une organisation de travail flexible avec la possibilit\u00e9 d'adapter les plages horaires de pr\u00e9sence sur site aux besoins individuels favorise un environnement de travail moins stressant.<\/p>\n<!-- \/wp:paragraph -->\n\n<!-- wp:heading {\"level\":3} -->\n<h3 class=\"wp-block-heading\">8.Bannissez toute forme de violence<\/h3>\n<!-- \/wp:heading -->\n\n<!-- wp:paragraph -->\n<p>Harc\u00e8lement, intimidation, violence verbale\u2026 Ces comportements n\u2019ont pas leur place au travail. La sensibilisation des \u00e9quipes et des formations en gestion proactive des incidents aident \u00e0 cr\u00e9er des espaces de travail s\u00e9curisants. Il est n\u00e9cessaire de former l'ensemble du personnel \u00e0 la gestion des conflits en leur fournissant des outils pratiques pour d\u00e9samorcer les situations tendues. Notre outil de recueil de la parole (<a href=\"http:\/\/www.platform.rez-care.com\">www.platform.rez-care.com<\/a>) permet de d\u00e9tecter et d'agir rapidement face aux comportements abusifs<strong> <\/strong>qu'ils proviennent des employ\u00e9.es de l'organisation ou de clients ou de partenaires externes.<\/p>\n<!-- \/wp:paragraph -->\n\n<!-- wp:paragraph -->\n<p><\/p>\n<!-- \/wp:paragraph -->\n\n<!-- wp:paragraph -->\n<p><strong>Rappel:<\/strong> La pr\u00e9vention des risques psychosociaux est non seulement une obligation l\u00e9gale de l'employeur mais \u00e9galement un investissement payant loin d'\u00eatre compliqu\u00e9 \u00e0 mettre en oeuvre si on s\u2019y engage vraiment !<\/p>\n<!-- \/wp:paragraph -->\n\n<!-- wp:paragraph -->\n<p><\/p>\n<!-- \/wp:paragraph -->\n\n<!-- wp:paragraph -->\n<p>\ud83d\udca1 Etre responsable ne veut pas dire que vous deviez tout faire. Savoir d\u00e9l\u00e9guer et demander de l'aide est une attitude saine pour un\/e Manager. Contactez-nous pour vous accompagner dans la mise en oeuvre de ces 8 conseils.<\/p>\n<!-- \/wp:paragraph -->\n\n<!-- wp:paragraph -->\n<p><\/p>\n<!-- \/wp:paragraph -->\n\n<!-- wp:paragraph -->\n<p><a href=\"https:\/\/www.rez-care.com\"><strong>Rez-care<\/strong>.com<\/a> est \u00e0 vos c\u00f4t\u00e9s pour vous accompagner avec des solutions sur mesure. Contactez-nous pour explorer nos services d'audit, de formation et d'accompagnement.<\/p>\n<!-- \/wp:paragraph -->\n\n<!-- wp:paragraph -->\n<p><\/p>\n<!-- \/wp:paragraph -->\n\n<!-- wp:heading {\"textAlign\":\"left\"} -->\n<h2 class=\"wp-block-heading has-text-align-left\"><strong>D\u00e9couvrez nos solutions<\/strong> <\/h2>\n<!-- \/wp:heading -->\n\n<!-- wp:columns -->\n<div class=\"wp-block-columns\"><!-- wp:column {\"width\":\"100%\"} -->\n<div class=\"wp-block-column\" style=\"flex-basis:100%\"><!-- wp:paragraph -->\n<p>\ud83d\udedf <a href=\"https:\/\/rez-care.com\/soutien-individuel\/\">Soutien individuel<\/a><br>\u2699\ufe0f <a href=\"https:\/\/rez-care.com\/solutions-entreprises\/\">Solutions entreprises et organisations<\/a><br>\ud83d\udce1 Sensibilisation g\u00e9n\u00e9rale via <a href=\"http:\/\/www.rezalliance.com\">Rezalliance<\/a> association, \u00e0 travers la \"Journ\u00e9e internationale contre le harc\u00e8lement et pour l'inclusion dans le monde du travail\" (<a href=\"http:\/\/www.24may.org\">www.24may.org<\/a>)<\/p>\n<!-- \/wp:paragraph --><\/div>\n<!-- \/wp:column --><\/div>\n<!-- \/wp:columns -->\n\n<!-- wp:paragraph -->\n<p><\/p>\n<!-- \/wp:paragraph -->","_et_gb_content_width":"","footnotes":""},"categories":[1],"tags":[],"class_list":["post-29502","post","type-post","status-publish","format-standard","has-post-thumbnail","hentry","category-uncategorized"],"yoast_head":"<!-- This site is optimized with the Yoast SEO plugin v27.4 - https:\/\/yoast.com\/product\/yoast-seo-wordpress\/ -->\n<title>Managers : 8 actions pour r\u00e9duire les risques psychosociaux<\/title>\n<meta name=\"description\" content=\"Managers: D\u00e9couvrez 8 conseils pratiques pour r\u00e9duire les risques psychosociaux en agissant sur l&#039;organisation et l&#039;environnement de travail.\" \/>\n<meta name=\"robots\" content=\"index, follow, max-snippet:-1, max-image-preview:large, max-video-preview:-1\" \/>\n<link rel=\"canonical\" href=\"https:\/\/rez-care.com\/fr\/managers-8-actions-cles-pour-reduire-les-risques-psychosociaux\/\" \/>\n<meta property=\"og:locale\" content=\"fr_FR\" \/>\n<meta property=\"og:type\" content=\"article\" \/>\n<meta property=\"og:title\" content=\"Managers : 8 actions pour r\u00e9duire les risques psychosociaux\" \/>\n<meta property=\"og:description\" content=\"Managers: D\u00e9couvrez 8 conseils pratiques pour r\u00e9duire les risques psychosociaux en agissant sur l&#039;organisation et l&#039;environnement de travail.\" \/>\n<meta property=\"og:url\" content=\"https:\/\/rez-care.com\/fr\/managers-8-actions-cles-pour-reduire-les-risques-psychosociaux\/\" \/>\n<meta property=\"og:site_name\" content=\"rez-care.com\" \/>\n<meta property=\"article:published_time\" content=\"2024-10-20T15:44:50+00:00\" \/>\n<meta property=\"article:modified_time\" content=\"2026-02-08T17:11:17+00:00\" \/>\n<meta property=\"og:image\" content=\"https:\/\/rez-care.com\/wp-content\/uploads\/2024\/02\/3rcho9yeb5g.jpg\" \/>\n\t<meta property=\"og:image:width\" content=\"1600\" \/>\n\t<meta property=\"og:image:height\" content=\"984\" \/>\n\t<meta property=\"og:image:type\" content=\"image\/jpeg\" \/>\n<meta name=\"author\" content=\"Joelle Payom\" \/>\n<meta name=\"twitter:card\" content=\"summary_large_image\" \/>\n<meta name=\"twitter:label1\" content=\"\u00c9crit par\" \/>\n\t<meta name=\"twitter:data1\" content=\"Joelle Payom\" \/>\n\t<meta name=\"twitter:label2\" content=\"Dur\u00e9e de lecture estim\u00e9e\" \/>\n\t<meta name=\"twitter:data2\" content=\"5 minutes\" \/>\n<script type=\"application\/ld+json\" class=\"yoast-schema-graph\">{\"@context\":\"https:\\\/\\\/schema.org\",\"@graph\":[{\"@type\":\"Article\",\"@id\":\"https:\\\/\\\/rez-care.com\\\/managers-8-actions-cles-pour-reduire-les-risques-psychosociaux\\\/#article\",\"isPartOf\":{\"@id\":\"https:\\\/\\\/rez-care.com\\\/managers-8-actions-cles-pour-reduire-les-risques-psychosociaux\\\/\"},\"author\":{\"name\":\"Joelle Payom\",\"@id\":\"https:\\\/\\\/rez-care.com\\\/#\\\/schema\\\/person\\\/b43b4a3a7ba847bd1bc87d1c3054bf69\"},\"headline\":\"Managers : 8 actions cl\u00e9s pour r\u00e9duire les risques psychosociaux.\",\"datePublished\":\"2024-10-20T15:44:50+00:00\",\"dateModified\":\"2026-02-08T17:11:17+00:00\",\"mainEntityOfPage\":{\"@id\":\"https:\\\/\\\/rez-care.com\\\/managers-8-actions-cles-pour-reduire-les-risques-psychosociaux\\\/\"},\"wordCount\":816,\"publisher\":{\"@id\":\"https:\\\/\\\/rez-care.com\\\/#organization\"},\"image\":{\"@id\":\"https:\\\/\\\/rez-care.com\\\/managers-8-actions-cles-pour-reduire-les-risques-psychosociaux\\\/#primaryimage\"},\"thumbnailUrl\":\"https:\\\/\\\/rez-care.com\\\/wp-content\\\/uploads\\\/2024\\\/02\\\/3rcho9yeb5g.jpg\",\"articleSection\":[\"Uncategorized\"],\"inLanguage\":\"fr-FR\"},{\"@type\":\"WebPage\",\"@id\":\"https:\\\/\\\/rez-care.com\\\/managers-8-actions-cles-pour-reduire-les-risques-psychosociaux\\\/\",\"url\":\"https:\\\/\\\/rez-care.com\\\/managers-8-actions-cles-pour-reduire-les-risques-psychosociaux\\\/\",\"name\":\"Managers : 8 actions pour r\u00e9duire les risques psychosociaux\",\"isPartOf\":{\"@id\":\"https:\\\/\\\/rez-care.com\\\/#website\"},\"primaryImageOfPage\":{\"@id\":\"https:\\\/\\\/rez-care.com\\\/managers-8-actions-cles-pour-reduire-les-risques-psychosociaux\\\/#primaryimage\"},\"image\":{\"@id\":\"https:\\\/\\\/rez-care.com\\\/managers-8-actions-cles-pour-reduire-les-risques-psychosociaux\\\/#primaryimage\"},\"thumbnailUrl\":\"https:\\\/\\\/rez-care.com\\\/wp-content\\\/uploads\\\/2024\\\/02\\\/3rcho9yeb5g.jpg\",\"datePublished\":\"2024-10-20T15:44:50+00:00\",\"dateModified\":\"2026-02-08T17:11:17+00:00\",\"description\":\"Managers: D\u00e9couvrez 8 conseils pratiques pour r\u00e9duire les risques psychosociaux en agissant sur l'organisation et l'environnement de travail.\",\"breadcrumb\":{\"@id\":\"https:\\\/\\\/rez-care.com\\\/managers-8-actions-cles-pour-reduire-les-risques-psychosociaux\\\/#breadcrumb\"},\"inLanguage\":\"fr-FR\",\"potentialAction\":[{\"@type\":\"ReadAction\",\"target\":[\"https:\\\/\\\/rez-care.com\\\/managers-8-actions-cles-pour-reduire-les-risques-psychosociaux\\\/\"]}]},{\"@type\":\"ImageObject\",\"inLanguage\":\"fr-FR\",\"@id\":\"https:\\\/\\\/rez-care.com\\\/managers-8-actions-cles-pour-reduire-les-risques-psychosociaux\\\/#primaryimage\",\"url\":\"https:\\\/\\\/rez-care.com\\\/wp-content\\\/uploads\\\/2024\\\/02\\\/3rcho9yeb5g.jpg\",\"contentUrl\":\"https:\\\/\\\/rez-care.com\\\/wp-content\\\/uploads\\\/2024\\\/02\\\/3rcho9yeb5g.jpg\",\"width\":1600,\"height\":984,\"caption\":\"3 x 3 rubiks cube\"},{\"@type\":\"BreadcrumbList\",\"@id\":\"https:\\\/\\\/rez-care.com\\\/managers-8-actions-cles-pour-reduire-les-risques-psychosociaux\\\/#breadcrumb\",\"itemListElement\":[{\"@type\":\"ListItem\",\"position\":1,\"name\":\"Accueil\",\"item\":\"https:\\\/\\\/rez-care.com\\\/\"},{\"@type\":\"ListItem\",\"position\":2,\"name\":\"Managers : 8 actions cl\u00e9s pour r\u00e9duire les risques psychosociaux.\"}]},{\"@type\":\"WebSite\",\"@id\":\"https:\\\/\\\/rez-care.com\\\/#website\",\"url\":\"https:\\\/\\\/rez-care.com\\\/\",\"name\":\"La plateforme rez-care.com\",\"description\":\"Pr\u00e9vention des risques psychosociaux et harc\u00e8lement au travail\",\"publisher\":{\"@id\":\"https:\\\/\\\/rez-care.com\\\/#organization\"},\"potentialAction\":[{\"@type\":\"SearchAction\",\"target\":{\"@type\":\"EntryPoint\",\"urlTemplate\":\"https:\\\/\\\/rez-care.com\\\/?s={search_term_string}\"},\"query-input\":{\"@type\":\"PropertyValueSpecification\",\"valueRequired\":true,\"valueName\":\"search_term_string\"}}],\"inLanguage\":\"fr-FR\"},{\"@type\":\"Organization\",\"@id\":\"https:\\\/\\\/rez-care.com\\\/#organization\",\"name\":\"La plateforme rez-care.com\",\"url\":\"https:\\\/\\\/rez-care.com\\\/\",\"logo\":{\"@type\":\"ImageObject\",\"inLanguage\":\"fr-FR\",\"@id\":\"https:\\\/\\\/rez-care.com\\\/#\\\/schema\\\/logo\\\/image\\\/\",\"url\":\"https:\\\/\\\/rez-care.com\\\/wp-content\\\/uploads\\\/2024\\\/02\\\/logo.png\",\"contentUrl\":\"https:\\\/\\\/rez-care.com\\\/wp-content\\\/uploads\\\/2024\\\/02\\\/logo.png\",\"width\":222,\"height\":227,\"caption\":\"La plateforme rez-care.com\"},\"image\":{\"@id\":\"https:\\\/\\\/rez-care.com\\\/#\\\/schema\\\/logo\\\/image\\\/\"}},{\"@type\":\"Person\",\"@id\":\"https:\\\/\\\/rez-care.com\\\/#\\\/schema\\\/person\\\/b43b4a3a7ba847bd1bc87d1c3054bf69\",\"name\":\"Joelle Payom\",\"image\":{\"@type\":\"ImageObject\",\"inLanguage\":\"fr-FR\",\"@id\":\"https:\\\/\\\/secure.gravatar.com\\\/avatar\\\/7081bc0902fe5b99187f6c5d46cb4dd368eac4d8fc04ae56a85e5fac5ba17591?s=96&d=mm&r=g\",\"url\":\"https:\\\/\\\/secure.gravatar.com\\\/avatar\\\/7081bc0902fe5b99187f6c5d46cb4dd368eac4d8fc04ae56a85e5fac5ba17591?s=96&d=mm&r=g\",\"contentUrl\":\"https:\\\/\\\/secure.gravatar.com\\\/avatar\\\/7081bc0902fe5b99187f6c5d46cb4dd368eac4d8fc04ae56a85e5fac5ba17591?s=96&d=mm&r=g\",\"caption\":\"Joelle Payom\"},\"url\":\"https:\\\/\\\/rez-care.com\\\/fr\\\/author\\\/joelle\\\/\"}]}<\/script>\n<!-- \/ Yoast SEO plugin. -->","yoast_head_json":{"title":"Managers : 8 actions pour r\u00e9duire les risques psychosociaux","description":"Managers: D\u00e9couvrez 8 conseils pratiques pour r\u00e9duire les risques psychosociaux en agissant sur l'organisation et l'environnement de travail.","robots":{"index":"index","follow":"follow","max-snippet":"max-snippet:-1","max-image-preview":"max-image-preview:large","max-video-preview":"max-video-preview:-1"},"canonical":"https:\/\/rez-care.com\/fr\/managers-8-actions-cles-pour-reduire-les-risques-psychosociaux\/","og_locale":"fr_FR","og_type":"article","og_title":"Managers : 8 actions pour r\u00e9duire les risques psychosociaux","og_description":"Managers: D\u00e9couvrez 8 conseils pratiques pour r\u00e9duire les risques psychosociaux en agissant sur l'organisation et l'environnement de travail.","og_url":"https:\/\/rez-care.com\/fr\/managers-8-actions-cles-pour-reduire-les-risques-psychosociaux\/","og_site_name":"rez-care.com","article_published_time":"2024-10-20T15:44:50+00:00","article_modified_time":"2026-02-08T17:11:17+00:00","og_image":[{"width":1600,"height":984,"url":"https:\/\/rez-care.com\/wp-content\/uploads\/2024\/02\/3rcho9yeb5g.jpg","type":"image\/jpeg"}],"author":"Joelle Payom","twitter_card":"summary_large_image","twitter_misc":{"\u00c9crit par":"Joelle Payom","Dur\u00e9e de lecture estim\u00e9e":"5 minutes"},"schema":{"@context":"https:\/\/schema.org","@graph":[{"@type":"Article","@id":"https:\/\/rez-care.com\/managers-8-actions-cles-pour-reduire-les-risques-psychosociaux\/#article","isPartOf":{"@id":"https:\/\/rez-care.com\/managers-8-actions-cles-pour-reduire-les-risques-psychosociaux\/"},"author":{"name":"Joelle Payom","@id":"https:\/\/rez-care.com\/#\/schema\/person\/b43b4a3a7ba847bd1bc87d1c3054bf69"},"headline":"Managers : 8 actions cl\u00e9s pour r\u00e9duire les risques psychosociaux.","datePublished":"2024-10-20T15:44:50+00:00","dateModified":"2026-02-08T17:11:17+00:00","mainEntityOfPage":{"@id":"https:\/\/rez-care.com\/managers-8-actions-cles-pour-reduire-les-risques-psychosociaux\/"},"wordCount":816,"publisher":{"@id":"https:\/\/rez-care.com\/#organization"},"image":{"@id":"https:\/\/rez-care.com\/managers-8-actions-cles-pour-reduire-les-risques-psychosociaux\/#primaryimage"},"thumbnailUrl":"https:\/\/rez-care.com\/wp-content\/uploads\/2024\/02\/3rcho9yeb5g.jpg","articleSection":["Uncategorized"],"inLanguage":"fr-FR"},{"@type":"WebPage","@id":"https:\/\/rez-care.com\/managers-8-actions-cles-pour-reduire-les-risques-psychosociaux\/","url":"https:\/\/rez-care.com\/managers-8-actions-cles-pour-reduire-les-risques-psychosociaux\/","name":"Managers : 8 actions pour r\u00e9duire les risques psychosociaux","isPartOf":{"@id":"https:\/\/rez-care.com\/#website"},"primaryImageOfPage":{"@id":"https:\/\/rez-care.com\/managers-8-actions-cles-pour-reduire-les-risques-psychosociaux\/#primaryimage"},"image":{"@id":"https:\/\/rez-care.com\/managers-8-actions-cles-pour-reduire-les-risques-psychosociaux\/#primaryimage"},"thumbnailUrl":"https:\/\/rez-care.com\/wp-content\/uploads\/2024\/02\/3rcho9yeb5g.jpg","datePublished":"2024-10-20T15:44:50+00:00","dateModified":"2026-02-08T17:11:17+00:00","description":"Managers: D\u00e9couvrez 8 conseils pratiques pour r\u00e9duire les risques psychosociaux en agissant sur l'organisation et l'environnement de travail.","breadcrumb":{"@id":"https:\/\/rez-care.com\/managers-8-actions-cles-pour-reduire-les-risques-psychosociaux\/#breadcrumb"},"inLanguage":"fr-FR","potentialAction":[{"@type":"ReadAction","target":["https:\/\/rez-care.com\/managers-8-actions-cles-pour-reduire-les-risques-psychosociaux\/"]}]},{"@type":"ImageObject","inLanguage":"fr-FR","@id":"https:\/\/rez-care.com\/managers-8-actions-cles-pour-reduire-les-risques-psychosociaux\/#primaryimage","url":"https:\/\/rez-care.com\/wp-content\/uploads\/2024\/02\/3rcho9yeb5g.jpg","contentUrl":"https:\/\/rez-care.com\/wp-content\/uploads\/2024\/02\/3rcho9yeb5g.jpg","width":1600,"height":984,"caption":"3 x 3 rubiks cube"},{"@type":"BreadcrumbList","@id":"https:\/\/rez-care.com\/managers-8-actions-cles-pour-reduire-les-risques-psychosociaux\/#breadcrumb","itemListElement":[{"@type":"ListItem","position":1,"name":"Accueil","item":"https:\/\/rez-care.com\/"},{"@type":"ListItem","position":2,"name":"Managers : 8 actions cl\u00e9s pour r\u00e9duire les risques psychosociaux."}]},{"@type":"WebSite","@id":"https:\/\/rez-care.com\/#website","url":"https:\/\/rez-care.com\/","name":"La plateforme rez-care.com","description":"Pr\u00e9vention des risques psychosociaux et harc\u00e8lement au travail","publisher":{"@id":"https:\/\/rez-care.com\/#organization"},"potentialAction":[{"@type":"SearchAction","target":{"@type":"EntryPoint","urlTemplate":"https:\/\/rez-care.com\/?s={search_term_string}"},"query-input":{"@type":"PropertyValueSpecification","valueRequired":true,"valueName":"search_term_string"}}],"inLanguage":"fr-FR"},{"@type":"Organization","@id":"https:\/\/rez-care.com\/#organization","name":"La plateforme rez-care.com","url":"https:\/\/rez-care.com\/","logo":{"@type":"ImageObject","inLanguage":"fr-FR","@id":"https:\/\/rez-care.com\/#\/schema\/logo\/image\/","url":"https:\/\/rez-care.com\/wp-content\/uploads\/2024\/02\/logo.png","contentUrl":"https:\/\/rez-care.com\/wp-content\/uploads\/2024\/02\/logo.png","width":222,"height":227,"caption":"La plateforme rez-care.com"},"image":{"@id":"https:\/\/rez-care.com\/#\/schema\/logo\/image\/"}},{"@type":"Person","@id":"https:\/\/rez-care.com\/#\/schema\/person\/b43b4a3a7ba847bd1bc87d1c3054bf69","name":"Joelle Payom","image":{"@type":"ImageObject","inLanguage":"fr-FR","@id":"https:\/\/secure.gravatar.com\/avatar\/7081bc0902fe5b99187f6c5d46cb4dd368eac4d8fc04ae56a85e5fac5ba17591?s=96&d=mm&r=g","url":"https:\/\/secure.gravatar.com\/avatar\/7081bc0902fe5b99187f6c5d46cb4dd368eac4d8fc04ae56a85e5fac5ba17591?s=96&d=mm&r=g","contentUrl":"https:\/\/secure.gravatar.com\/avatar\/7081bc0902fe5b99187f6c5d46cb4dd368eac4d8fc04ae56a85e5fac5ba17591?s=96&d=mm&r=g","caption":"Joelle Payom"},"url":"https:\/\/rez-care.com\/fr\/author\/joelle\/"}]}},"_links":{"self":[{"href":"https:\/\/rez-care.com\/fr\/wp-json\/wp\/v2\/posts\/29502","targetHints":{"allow":["GET"]}}],"collection":[{"href":"https:\/\/rez-care.com\/fr\/wp-json\/wp\/v2\/posts"}],"about":[{"href":"https:\/\/rez-care.com\/fr\/wp-json\/wp\/v2\/types\/post"}],"author":[{"embeddable":true,"href":"https:\/\/rez-care.com\/fr\/wp-json\/wp\/v2\/users\/2"}],"replies":[{"embeddable":true,"href":"https:\/\/rez-care.com\/fr\/wp-json\/wp\/v2\/comments?post=29502"}],"version-history":[{"count":24,"href":"https:\/\/rez-care.com\/fr\/wp-json\/wp\/v2\/posts\/29502\/revisions"}],"predecessor-version":[{"id":30133,"href":"https:\/\/rez-care.com\/fr\/wp-json\/wp\/v2\/posts\/29502\/revisions\/30133"}],"wp:featuredmedia":[{"embeddable":true,"href":"https:\/\/rez-care.com\/fr\/wp-json\/wp\/v2\/media\/29227"}],"wp:attachment":[{"href":"https:\/\/rez-care.com\/fr\/wp-json\/wp\/v2\/media?parent=29502"}],"wp:term":[{"taxonomy":"category","embeddable":true,"href":"https:\/\/rez-care.com\/fr\/wp-json\/wp\/v2\/categories?post=29502"},{"taxonomy":"post_tag","embeddable":true,"href":"https:\/\/rez-care.com\/fr\/wp-json\/wp\/v2\/tags?post=29502"}],"curies":[{"name":"wp","href":"https:\/\/api.w.org\/{rel}","templated":true}]}}