{"id":29394,"date":"2024-09-29T11:30:13","date_gmt":"2024-09-29T09:30:13","guid":{"rendered":"https:\/\/rez-care.com\/?p=29394"},"modified":"2026-02-08T18:11:28","modified_gmt":"2026-02-08T17:11:28","slug":"prevenir-le-harcelement-au-travail-libere-la-creativite-et-booste-linnovation","status":"publish","type":"post","link":"https:\/\/rez-care.com\/fr\/prevenir-le-harcelement-au-travail-libere-la-creativite-et-booste-linnovation\/","title":{"rendered":"Pr\u00e9venir le harc\u00e8lement au travail lib\u00e8re la cr\u00e9ativit\u00e9 et booste l&rsquo;innovation."},"content":{"rendered":"\n<p><\/p>\n\n\n\n<figure class=\"wp-block-image aligncenter size-full is-style-default\"><img loading=\"lazy\" decoding=\"async\" width=\"1698\" height=\"1131\" src=\"https:\/\/rez-care.com\/wp-content\/uploads\/2024\/09\/business-groupe-31.jpg\" alt=\"\" class=\"wp-image-29395\" srcset=\"https:\/\/rez-care.com\/wp-content\/uploads\/2024\/09\/business-groupe-31.jpg 1698w, https:\/\/rez-care.com\/wp-content\/uploads\/2024\/09\/business-groupe-31-1280x853.jpg 1280w, https:\/\/rez-care.com\/wp-content\/uploads\/2024\/09\/business-groupe-31-980x653.jpg 980w, https:\/\/rez-care.com\/wp-content\/uploads\/2024\/09\/business-groupe-31-480x320.jpg 480w\" sizes=\"(min-width: 0px) and (max-width: 480px) 480px, (min-width: 481px) and (max-width: 980px) 980px, (min-width: 981px) and (max-width: 1280px) 1280px, (min-width: 1281px) 1698px, 100vw\" \/><\/figure>\n\n\n\n<h2 class=\"wp-block-heading\"><strong>Pr\u00e9ambule<\/strong><\/h2>\n\n\n\n<p><\/p>\n\n\n\n<p>La pr\u00e9vention du harc\u00e8lement au travail n&rsquo;est pas seulement une obligation l\u00e9gale, c&rsquo;est aussi un levier puissant pour lib\u00e9rer la cr\u00e9ativit\u00e9 et l&rsquo;innovation. Quand les \u00eatres humains se sentent en s\u00e9curit\u00e9, respect\u00e9s et valoris\u00e9s, ils sont plus enclins \u00e0 exprimer leurs id\u00e9es et \u00e0 collaborer de mani\u00e8re efficace. Cet article traite de l&rsquo;importance cruciale de la pr\u00e9vention du harc\u00e8lement dans le milieu professionnel et son r\u00f4le de booster de cr\u00e9ativit\u00e9 et d&rsquo;innovation. Il s&rsquo;agit d&rsquo;examiner les diff\u00e9rentes formes de harc\u00e8lement, les politiques et outils de signalement n\u00e9cessaires, ainsi que les formations indispensables pour sensibiliser. Il y sera aussi question de la cr\u00e9ation d&rsquo;une culture d&rsquo;\u00e9coute et de soutien, essentielle pour d\u00e9velopper un environnement de travail sain et productif.<\/p>\n\n\n\n<h2 class=\"wp-block-heading\"><strong>1.Comprendre les diff\u00e9rentes formes de harc\u00e8lement<\/strong><\/h2>\n\n\n\n<p><\/p>\n\n\n\n<p>Le harc\u00e8lement au travail peut prendre de nombreuses formes qu&rsquo;il est crucial d&rsquo;identifier pour mieux les pr\u00e9venir.<\/p>\n\n\n\n<ul class=\"wp-block-list\">\n<li>Le <strong>harc\u00e8lement moral ou psychologique<\/strong>, souvent insidieux, se manifeste par des comportements r\u00e9p\u00e9t\u00e9s visant \u00e0 d\u00e9nigrer et blesser une personne, d\u00e9gradant ainsi ses conditions de travail. Cela peut inclure des critiques incessantes, des humiliations \u00e0 huis clos ou en public ou de l&rsquo;isolement social. Ce type de harc\u00e8lement a des effets d\u00e9vastateurs sur la sant\u00e9 et la motivation des cibles qui sont moins enclines \u00e0 participer activement aux activit\u00e9s.<\/li>\n<\/ul>\n\n\n\n<ul class=\"wp-block-list\">\n<li>Le <strong>harc\u00e8lement sexuel <\/strong>cr\u00e9e aussi un environnement de travail hostile \u00e0 travers des comportements inappropri\u00e9s comme des avances non d\u00e9sir\u00e9es ou des commentaires \u00e0 connotation sexuelle. Tout cela affecte la sant\u00e9 de la victime et instaure un climat de peur et de m\u00e9fiance au sein de l&rsquo;\u00e9quipe.<\/li>\n<\/ul>\n\n\n\n<ul class=\"wp-block-list\">\n<li>Le <strong>harc\u00e8lement discriminatoire<\/strong> est bas\u00e9 sur des aspects tels que l&rsquo;\u00e2ge, le sexe, l&rsquo;origine ethnique, la religion ou l&rsquo;orientation sexuelle. Ce type de harc\u00e8lement cr\u00e9e des divisions au sein des \u00e9quipes et emp\u00eache la diversit\u00e9 des perspectives qui est pourtant essentielle \u00e0 l&rsquo;innovation.<\/li>\n<\/ul>\n\n\n\n<ul class=\"wp-block-list\">\n<li>Le <strong>harc\u00e8lement institutionnel <\/strong>d\u00e9signe des pratiques abusives, syst\u00e9matiques et r\u00e9p\u00e9t\u00e9es, mises en place ou tol\u00e9r\u00e9es par une organisation et qui portent atteinte \u00e0 la dignit\u00e9, aux droits ou au bien-\u00eatre de ses membres. Il se manifeste \u00e0 travers des politiques, des proc\u00e9dures ou des comportements qui renforcent une culture de discrimination, d&rsquo;exclusion ou de pression excessive, cr\u00e9ant un environnement toxique pour les individus cibl\u00e9s.<\/li>\n<\/ul>\n\n\n\n<p>Tous les types de harc\u00e8lement n&rsquo;affectent pas seulement les individus directement concern\u00e9s mais \u00e9galement l<strong>&lsquo;ensemble de l&rsquo;environnement<\/strong> de travail, entravant la collaboration et la cr\u00e9ativit\u00e9. Comprendre et identifier les diff\u00e9rentes formes de harc\u00e8lement, va permettre aux employeurs responsables de mettre en place des strat\u00e9gies de pr\u00e9vention efficaces pour favoriser un environnement plus serein et productif.<\/p>\n\n\n\n<h2 class=\"wp-block-heading\"><strong>2.\u00c9tablir des politiques claires pour signaler le harc\u00e8lement<\/strong>.<\/h2>\n\n\n\n<p><\/p>\n\n\n\n<p>Pour pr\u00e9venir le harc\u00e8lement au travail, il est essentiel d&rsquo;\u00e9tablir des politiques claires et des proc\u00e9dures de signalement accessibles \u00e0 tout le personnel. Ces politiques doivent <strong>d\u00e9finir explicitement ce qu&rsquo;est le harc\u00e8lement, les comportements inacceptables et leurs cons\u00e9quences<\/strong>. Une politique bien formalis\u00e9e est le premier pas vers la cr\u00e9ation d&rsquo;un environnement de travail s\u00e9curisant et respectueux.<\/p>\n\n\n\n<p>Les proc\u00e9dures de signalement doivent \u00eatre simples, confidentielles et accessibles. En outre, l&rsquo;ensemble du personnel doit savoir comment signaler une situation probl\u00e9matique sans craindre des repr\u00e9sailles. Les canaux de communication peuvent inclure des bo\u00eetes \u00e0 suggestions anonymes, <strong>des lignes t\u00e9l\u00e9phoniques d\u00e9di\u00e9es ou des portails en ligne s\u00e9curis\u00e9s<\/strong> (<strong>*<\/strong>). Par ailleurs, assurer la confidentialit\u00e9 des plaintes est primordial pour encourager les victimes et les t\u00e9moins \u00e0 se manifester.<\/p>\n\n\n\n<p>Il faut \u00e9galement instaurer un comit\u00e9 ou un groupe de travail charg\u00e9 de g\u00e9rer les plaintes de harc\u00e8lement. Une formation sp\u00e9cifique est requise pour les membres de ce groupe afin de les aider \u00e0 analyser les cas rapport\u00e9s et diligenter des enqu\u00eates impartiales pour permettre \u00e0 l&#8217;employeur de prendre des mesures appropri\u00e9es. Des politiques et proc\u00e9dures claires d\u00e9montrent l&rsquo;engagement des employeurs \u00e0 maintenir un environnement de travail respectueux de l&rsquo;int\u00e9grit\u00e9 de chaque individu. La participation active de tous les collaborateurs et collaboratrices est ainsi encourag\u00e9e sans crainte de repr\u00e9sailles.<\/p>\n\n\n\n<h2 class=\"wp-block-heading\"><strong>3.Former l&rsquo;ensemble du personnel aux m\u00e9canismes harc\u00e8lement.<\/strong><\/h2>\n\n\n\n<p><\/p>\n\n\n\n<p>La formation et la sensibilisation sont primordiales pour pr\u00e9venir le harc\u00e8lement au travail. Quel que soit le niveau hi\u00e9rarchique, tout le monde doit \u00eatre form\u00e9 pour reconna\u00eetre les comportements probl\u00e9matiques et savoir comment faire face. Les formations doivent inclure un \u00e9clairage sur <strong>l<\/strong>es concepts cl\u00e9s, des exemples concrets, une mise en situation et des discussions ouvertes.<\/p>\n\n\n\n<p>Bien s\u00fbr, il faut souligner le r\u00f4le cl\u00e9 des responsables d&rsquo;\u00e9quipe dans la pr\u00e9vention du harc\u00e8lement. En plus de la sensibilisation g\u00e9n\u00e9rale au harc\u00e8lement et discriminations, une formation additionnelle leur est n\u00e9cessaire pour apprendre \u00e0 d\u00e9tecter les pr\u00e9misses d&rsquo;une situation conflictuelle et la g\u00e9rer de mani\u00e8re appropri\u00e9e. Ainsi, la formation sp\u00e9cifique pour les managers doit inclure \u00e0 minima des techniques de communication, des strat\u00e9gies de r\u00e9solution de conflits et des outils pour maintenir un environnement de travail positif. Les managers form\u00e9s \u00e0 la gestion pr\u00e9ventive et proactive du harc\u00e8lement au travail, pourront devenir des r\u00e9f\u00e9rants dans la lutte contre le harc\u00e8lement.<\/p>\n\n\n\n<p>La sensibilisation doit \u00eatre un effort continu qui passe par l&rsquo;organisation d&rsquo;actions r\u00e9guli\u00e8res comme que des ateliers, s\u00e9minaires et campagnes de communication permettant de maintenir le sujet \u00e0 l&rsquo;ordre du jour. Int\u00e9grer la pr\u00e9vention du harc\u00e8lement dans la culture d&rsquo;entreprise, permet de constamment rappeler \u00e0 l&rsquo;attention g\u00e9n\u00e9rale, que la protection de l&rsquo;int\u00e9grit\u00e9 physique et psychique des individus est au coeur des strat\u00e9gies organisationnelles. Un <strong>investissement <\/strong>n\u00e9cessaire qui favorise un environnement plus sain, plus innovant et plus productif sur le long terme.<\/p>\n\n\n\n<h2 class=\"wp-block-heading\"><strong>4.Cr\u00e9er une culture d&rsquo;\u00e9coute, de soutien et feedback.<\/strong><\/h2>\n\n\n\n<p><\/p>\n\n\n\n<p>La cr\u00e9ation d&rsquo;une culture d&rsquo;\u00e9coute, de soutien et de feedback est essentielle pour pr\u00e9venir le harc\u00e8lement au travail et favoriser un climat propice \u00e0 la cr\u00e9ativit\u00e9 et \u00e0 l&rsquo;innovation. Une telle culture repose sur des <strong>valeurs partag\u00e9es par l&rsquo;ensemble l&rsquo;organisation<\/strong>, de la direction aux employ\u00e9.e.s,  apprentie.e.s, stagiaires et le personnel en contrat temporaire. Les membres de l&rsquo;\u00e9quipe de direction doivent \u00e9videmment montrer l&rsquo;exemple en adoptant des comportements respectueux et en encourageant la communication ouverte sur toutes les probl\u00e9matiques en lien avec la sph\u00e8re professionnelle.<\/p>\n\n\n\n<p>Les<strong> <\/strong>initiatives visant \u00e0 reconnaitre et valoriser la contribution des employ\u00e9.e.s contribuent aussi \u00e0 cr\u00e9er un environnement de travail positif. Une personne qui se sent appr\u00e9ci\u00e9e et respect\u00e9e, est plus encline \u00e0 partager ses id\u00e9es et \u00e0 collaborer. R\u00e9compenser des d\u00e9marches proactives et constructives renforce assur\u00e9ment le sentiment d&rsquo;appartenance.<\/p>\n\n\n\n<p>Il est crucial de <strong>promouvoir la pluralit\u00e9 <\/strong>au sein de l&rsquo;entreprise. La diversit\u00e9 des perspectives et des exp\u00e9riences est un atout majeur pour l&rsquo;innovation. En cr\u00e9ant un environnement o\u00f9 chaque individu se sent respect\u00e9 et inclus, quelles que soient les <strong>diff\u00e9rences d\u00e9mographiques et cognitives<\/strong>, les employeurs b\u00e9n\u00e9ficient d&rsquo;une multitude d&rsquo;id\u00e9es cr\u00e9atives et de solutions novatrices. Ainsi, l&rsquo;inclusion doit \u00eatre une priorit\u00e9 dans toutes les politiques et pratiques organisationnelles, de la s\u00e9lection du personnel \u00e0 la prise de d\u00e9cision strat\u00e9gique. <\/p>\n\n\n\n<p>En cultivant une culture d&rsquo;\u00e9coute, de soutien et de feedback, les entreprises et organisations vont non seulement pr\u00e9venir le harc\u00e8lement, mais aussi lib\u00e9rer le potentiel cr\u00e9atif de leurs employ\u00e9.e.s.<\/p>\n\n\n\n<h2 class=\"wp-block-heading\"><strong>5.Vers un environnement de travail respectueux et inclusif<\/strong>.<\/h2>\n\n\n\n<p><\/p>\n\n\n\n<p>En conclusion, comprendre les diff\u00e9rentes formes de harc\u00e8lement et leur m\u00e9canismes est la premi\u00e8re \u00e9tape et aussi la plus essentielle pour faire de la pr\u00e9vention. Qu&rsquo;il s&rsquo;agisse de harc\u00e8lement moral, sexuel, discriminatoire ou institutionnel, chacune des formes a des implications graves pour les individus, leur \u00e9quipe, l&rsquo;organisation et l0ensemble de la soci\u00e9t\u00e9.<\/p>\n\n\n\n<p>Des politiques de signalement claires et accessibles, d\u00e9montrent un engagement envers des environnements de travail s\u00e9curisants et respectueux. La formation et la sensibilisation \u00e0 tous les niveaux joue un r\u00f4le crucial dans l&rsquo;identification et la gestion efficace des situations \u00e0 risque.<\/p>\n\n\n\n<p>Cr\u00e9er une culture d&rsquo;\u00e9coute, de soutien et de feedback, est indispensable pour favoriser un climat propice \u00e0 la cr\u00e9ativit\u00e9 et \u00e0 l&rsquo;innovation. En valorisant la diversit\u00e9 sous toutes ses formes et en promouvant l&rsquo;inclusion effective, les employeurs vont tirer parti d&rsquo;une multitude d&rsquo;id\u00e9es et de perspectives permettant \u00e0 leurs organisations d&rsquo;\u00eatre plus performantes.<\/p>\n\n\n\n<p>Que pensez-vous de ces strat\u00e9gies de pr\u00e9vention du harc\u00e8lement au travail ? Partagez vos r\u00e9flexions et vos exp\u00e9riences dans les commentaires ci-dessous.<\/p>\n\n\n\n<p>(*) Nous pr\u00e9conisons la mise en place d&rsquo;une plateforme d&rsquo;\u00e9coute externe et ind\u00e9pendante. \ud83d\udc49 <a href=\"https:\/\/platform.rez-care.com\/\">platform.rez-care.com<\/a><\/p>\n\n\n\n<p><strong>D\u00e9couvrez nos solutions pour des environnements de travail sains et performants<\/strong>&nbsp;\u2935\ufe0f<\/p>\n\n\n\n<p>\ud83d\udccb Est-ce que vous subissez du harc\u00e8lement au travail? Faites votre auto-\u00e9valuation via le <a href=\"https:\/\/platform.rez-care.com\/\" target=\"_blank\" rel=\"noreferrer noopener\">questionnaire en ligne<\/a><br>\ud83d\udedf Notre \u00e9quipe d&rsquo;experts est \u00e0 votre service pour du <a href=\"https:\/\/rez-care.com\/soutien-individuel\/\" target=\"_blank\" rel=\"noreferrer noopener\">soutien individuel<\/a><br>\u2699\ufe0f Consultez nos <a href=\"https:\/\/rez-care.com\/solutions-entreprises\/\" target=\"_blank\" rel=\"noreferrer noopener\">solutions pour les entreprises et organisations<\/a><br>\ud83d\udce1 D\u00e9couvrez nos actions de sensibilisation grand public via <a href=\"http:\/\/www.rezalliance.com\" target=\"_blank\" rel=\"noreferrer noopener\">Rezalliance<\/a> association, et la <a href=\"http:\/\/www.24may.org\" target=\"_blank\" rel=\"noreferrer noopener\">Journ\u00e9e internationale contre le harc\u00e8lement et pour l&rsquo;inclusion dans le monde du travail<\/a>.<\/p>\n\n\n\n<p><\/p>\n","protected":false},"excerpt":{"rendered":"<p>La pr\u00e9vention du harc\u00e8lement au travail n&rsquo;est pas seulement une obligation l\u00e9gale, c&rsquo;est aussi un levier puissant pour lib\u00e9rer la cr\u00e9ativit\u00e9 et l&rsquo;innovation. Lorsque les individus se sentent en s\u00e9curit\u00e9, respect\u00e9s et valoris\u00e9, ils sont plus enclins \u00e0 exprimer leurs id\u00e9es et \u00e0 collaborer de mani\u00e8re efficace. Cet article traite de l&rsquo;importance cruciale de la pr\u00e9vention du harc\u00e8lement dans le milieu professionnel et son r\u00f4le de booster de cr\u00e9ativit\u00e9 et d&rsquo;innovation. Il s&rsquo;agit d&rsquo;examiner les diff\u00e9rentes formes de harc\u00e8lement, les politiques et outils de signalement n\u00e9cessaires, ainsi que les formations indispensables pour sensibiliser. Il y sera aussi question de la cr\u00e9ation d&rsquo;une culture d&rsquo;\u00e9coute et de soutien, essentielle pour d\u00e9velopper un environnement de travail sain et productif.<\/p>\n","protected":false},"author":2,"featured_media":29395,"comment_status":"closed","ping_status":"closed","sticky":false,"template":"","format":"standard","meta":{"_et_pb_use_builder":"off","_et_pb_old_content":"<!-- wp:paragraph -->\n<p><\/p>\n<!-- \/wp:paragraph -->\n\n<!-- wp:image {\"id\":29395,\"sizeSlug\":\"full\",\"linkDestination\":\"none\",\"align\":\"center\",\"className\":\"is-style-default\"} -->\n<figure class=\"wp-block-image aligncenter size-full is-style-default\"><img src=\"https:\/\/rez-care.com\/wp-content\/uploads\/2024\/09\/business-groupe-31.jpg\" alt=\"\" class=\"wp-image-29395\"\/><figcaption class=\"wp-element-caption\">Photo of a creative business team busy at a meeting<\/figcaption><\/figure>\n<!-- \/wp:image -->\n\n<!-- wp:heading -->\n<h2 class=\"wp-block-heading\"><strong>Pr\u00e9ambule<\/strong><\/h2>\n<!-- \/wp:heading -->\n\n<!-- wp:paragraph -->\n<p>La pr\u00e9vention du harc\u00e8lement au travail n'est pas seulement une obligation l\u00e9gale, c'est aussi un levier puissant pour lib\u00e9rer la cr\u00e9ativit\u00e9 et l'innovation au sein des entreprises. Lorsque les individus se sentent en s\u00e9curit\u00e9, respect\u00e9s et valoris\u00e9, ils sont plus enclins \u00e0 exprimer leurs id\u00e9es et \u00e0 collaborer de mani\u00e8re efficace. Cet article traite de l'<strong>importance cruciale de la pr\u00e9vention du harc\u00e8lement dans le milieu professionnel<\/strong> et en quoi elle est un facteur cl\u00e9 pour lib\u00e9rer la cr\u00e9ativit\u00e9 et l'innovation, <strong>transformant l'environnement de travail en havre de paix et de respect mutuel<\/strong>. Nous examinerons les diff\u00e9rentes formes de harc\u00e8lement, les politiques de signalement n\u00e9cessaires, ainsi que les formations et sensibilisations indispensables. Enfin, nous explorerons la cr\u00e9ation d'une culture de respect, essentielle pour d\u00e9velopper un environnement de travail sain et productif.<\/p>\n<!-- \/wp:paragraph -->\n\n<!-- wp:heading -->\n<h2 class=\"wp-block-heading\"><strong>Comprendre les diff\u00e9rentes formes de harc\u00e8lement<\/strong><\/h2>\n<!-- \/wp:heading -->\n\n<!-- wp:paragraph -->\n<p>Le harc\u00e8lement au travail peut prendre de nombreuses formes qu'il est absolument crucial d'identifier pour mieux les pr\u00e9venir. <\/p>\n<!-- \/wp:paragraph -->\n\n<!-- wp:paragraph -->\n<p>Tout d'abord, le <strong>harc\u00e8lement moral ou psychologique,<\/strong> souvent insidieux, se manifeste par des comportements r\u00e9p\u00e9t\u00e9s visant \u00e0 d\u00e9nigrer et blesser une personne, d\u00e9gradant ainsi ses conditions de travail. Cela peut inclure des <strong>critiques incessantes<\/strong>, des <strong>humiliations <\/strong>\u00e0 huis clos ou en public ou de l'<strong>isolement <\/strong>social. Ce type de harc\u00e8lement a des <strong>effets d\u00e9vastateurs sur la sant\u00e9 et la motivation<\/strong> des cibles, les rendant moins enclines \u00e0 participer activement aux projets et activit\u00e9s et \u00e0 proposer des id\u00e9es innovantes.<\/p>\n<!-- \/wp:paragraph -->\n\n<!-- wp:paragraph -->\n<p>Ensuite, le <strong>harc\u00e8lement sexuel <\/strong>qui cr\u00e9e aussi un environnement de travail hostile. Les comportements inappropri\u00e9s comme des avances non d\u00e9sir\u00e9es ou des commentaires \u00e0 connotation sexuelle affectent non seulement la sant\u00e9 de la victime, mais instaurer \u00e9galement un climat de peur et de m\u00e9fiance au sein de l'\u00e9quipe. <\/p>\n<!-- \/wp:paragraph -->\n\n<!-- wp:paragraph -->\n<p>Il y a aussi le <strong>harc\u00e8lement discriminatoire<\/strong>, bas\u00e9 sur des crit\u00e8res tels que l'\u00e2ge, le sexe, l'origine ethnique, la religion ou l'orientation sexuelle. Ce type de harc\u00e8lement cr\u00e9e des divisions au sein des \u00e9quipes et emp\u00eache la diversit\u00e9 des id\u00e9es et perspectives, essentielles pour l'innovation. <\/p>\n<!-- \/wp:paragraph -->\n\n<!-- wp:paragraph -->\n<p>Enfin, le <strong>harc\u00e8lement institutionnel <\/strong>d\u00e9signe des pratiques abusives, syst\u00e9matiques et r\u00e9p\u00e9t\u00e9es, mises en place ou tol\u00e9r\u00e9es par une organisation, qui portent atteinte \u00e0 la dignit\u00e9, aux droits ou au bien-\u00eatre de ses membres. Il peut se manifester \u00e0 travers des <strong>politiques, des proc\u00e9dures ou des comportements qui renforcent une culture de discrimination, d'exclusion ou de pression excessive<\/strong>, cr\u00e9ant un environnement toxique pour les individus cibl\u00e9s.<\/p>\n<!-- \/wp:paragraph -->\n\n<!-- wp:paragraph -->\n<p>Il est imp\u00e9ratif de comprendre que tous les types de harc\u00e8lement n'affectent pas seulement les individus directement concern\u00e9s. L<strong>'ensemble de l'environnement<\/strong> de travail est \u00e9galement impact\u00e9, ce qui limite la collaboration et la cr\u00e9ativit\u00e9. En comprenant et en identifiant les diff\u00e9rentes formes de harc\u00e8lement, les entreprises et organisations peuvent mettre en place des strat\u00e9gies de pr\u00e9vention efficaces pour favoriser un environnement de travail plus serein et productif.<\/p>\n<!-- \/wp:paragraph -->\n\n<!-- wp:heading -->\n<h2 class=\"wp-block-heading\"><strong>\u00c9tablir des politiques et des proc\u00e9dures de signalement<\/strong> <strong>claires<\/strong>. <\/h2>\n<!-- \/wp:heading -->\n\n<!-- wp:paragraph -->\n<p>Pour pr\u00e9venir le harc\u00e8lement au travail, il est essentiel d'\u00e9tablir des politiques claires et des proc\u00e9dures de signalement accessibles \u00e0 toutes les personnes qui travaillent au sein de l'organisation. Ces politiques doivent <strong>d\u00e9finir explicitement ce qu'est le harc\u00e8lement, les comportements inacceptables et les cons\u00e9quences<\/strong> pour les individus qui les adoptent. Une <strong>politique bien formalis\u00e9e<\/strong> est le premier pas vers la cr\u00e9ation d'un environnement de travail s\u00e9curisant et respectueux.<\/p>\n<!-- \/wp:paragraph -->\n\n<!-- wp:paragraph -->\n<p>Les <strong>proc\u00e9dures de signalement doivent \u00eatre simples, confidentielles et accessibles<\/strong>. Ainsi, il est imp\u00e9ratif que l'ensemble du personnel sache comment signaler une situation probl\u00e9matique sans craindre des repr\u00e9sailles. Les canaux de communication peuvent inclure des bo\u00eetes \u00e0 suggestions anonymes, des <strong><a href=\"http:\/\/platform.rez-care.com\" target=\"_blank\" rel=\"noreferrer noopener\">lignes t\u00e9l\u00e9phoniques d\u00e9di\u00e9es ou des portails en ligne s\u00e9curis\u00e9s (1)<\/a><\/strong>. Assurer la confidentialit\u00e9 des plaintes encourage les victimes et les t\u00e9moins \u00e0 se manifester, permettant de traiter les cas de mani\u00e8re proactive.<\/p>\n<!-- \/wp:paragraph -->\n\n<!-- wp:paragraph -->\n<p>De plus, il est important que les entreprises mettent en place un <strong>comit\u00e9 ou un groupe de travail charg\u00e9 de g\u00e9rer les plaintes de harc\u00e8lement<\/strong>. Ce groupe doit recevoir une formation ad\u00e9quate pour analyser les all\u00e9gations et diligenter des enqu\u00eates impartiales afin de permettre \u00e0 l'employeur de prendre des mesures appropri\u00e9es. En ayant des politiques et proc\u00e9dures claires, les entreprises montrent leur engagement \u00e0 maintenir un environnement de travail respectueux de l'int\u00e9grit\u00e9 des individus et \u00e0 encourager la participation active de tous les collaborateurs et collaboratrices sans crainte de repr\u00e9sailles.<\/p>\n<!-- \/wp:paragraph -->\n\n<!-- wp:heading -->\n<h2 class=\"wp-block-heading\"><strong>Former et sensibiliser \u00e0 tous les niveaux de hi\u00e9rarchie.<\/strong><\/h2>\n<!-- \/wp:heading -->\n\n<!-- wp:paragraph -->\n<p>La formation et la sensibilisation sont primordiales pour pr\u00e9venir le harc\u00e8lement au travail. L'ensemble du personnel, quel que soit le niveau hi\u00e9rarchique, doit \u00eatre form\u00e9 pour reconna\u00eetre les comportements \u00e0 risque et savoir comment r\u00e9agir. Pour \u00eatre efficaces, les formation doivent apporter un \u00e9clairage sur <strong>les concepts cl\u00e9s<\/strong> avec des <strong>exemples concrets<\/strong> et int\u00e9grer <strong>une mise en situation et des discussions ouvertes<\/strong>.<\/p>\n<!-- \/wp:paragraph -->\n\n<!-- wp:paragraph -->\n<p>Les responsables d'\u00e9quipe jouent un r\u00f4le crucial dans la pr\u00e9vention du harc\u00e8lement. En plus de la sensibilisation g\u00e9n\u00e9rale, une formation additionnelle leur est n\u00e9cessaire pour apprendre \u00e0 <strong>g\u00e9rer les plaintes de mani\u00e8re appropri\u00e9e <\/strong>afin de maintenir un environnement de travail positif. Ainsi, une formation sp\u00e9cifique pour les managers doit inclure \u00e0 minima des <strong>techniques de communication, des strat\u00e9gies de r\u00e9solution de conflits et des outils pour promouvoir une culture de respect au sein de leurs \u00e9quipes.<\/strong> En \u00e9tant bien form\u00e9s, les managers peuvent agir comme des <strong>mod\u00e8les et des r\u00e9f\u00e9rants<\/strong> dans la lutte contre le harc\u00e8lement.<\/p>\n<!-- \/wp:paragraph -->\n\n<!-- wp:paragraph -->\n<p>La sensibilisation doit \u00eatre un <strong>effort continu<\/strong> qui passe par l'organisation r\u00e9guli\u00e8res d'action via des ateliers, s\u00e9minaires et campagnes de communication pour maintenir le sujet \u00e0 l'ordre du jour. En int\u00e9grant ainsi la pr\u00e9vention du harc\u00e8lement dans la culture d'entreprise, il est constamment rappel\u00e9 \u00e0 l'attention de tout le monde, en interne comme en externe, que le protection de l'int\u00e9grit\u00e9 est au coeur des pratiques organisationnelles. C'est un <strong>investissement <\/strong>qui favorise un environnement plus sain, plus innovant et plus productif sur le long terme.<\/p>\n<!-- \/wp:paragraph -->\n\n<!-- wp:heading -->\n<h2 class=\"wp-block-heading\"><strong>Cr\u00e9er une culture de respect, de soutien et feedback.<\/strong><\/h2>\n<!-- \/wp:heading -->\n\n<!-- wp:paragraph -->\n<p>La cr\u00e9ation d'une culture de respect, de soutien et de feedback est essentielle pour pr\u00e9venir le harc\u00e8lement au travail et favoriser un climat propice \u00e0 la cr\u00e9ativit\u00e9 et \u00e0 l'innovation. Une telle culture repose sur des <strong>valeurs partag\u00e9es <\/strong>par toute l'organisation, de la <strong>direction <\/strong>aux <strong>employ\u00e9.e.s, <\/strong> y compris les<strong> apprentie.e.s, stagiaires et <\/strong>le personnel en contrat temporaire comme les<strong> int\u00e9rimaires et les consultant.es<\/strong>. Les membres de l'\u00e9quipe de direction doivent bien s\u00fbr montrer l'exemple en adoptant des comportements respectueux et en encourageant une communication ouverte sur toutes les probl\u00e9matiques en lien avec la sph\u00e8re professionnelle.<\/p>\n<!-- \/wp:paragraph -->\n\n<!-- wp:paragraph -->\n<p>Les<strong> initiatives de reconnaissance et de valorisation des employ\u00e9.es<\/strong> contribuent \u00e9galement \u00e0 cr\u00e9er un environnement de travail positif. Lorsqu'une personne se sent appr\u00e9ci\u00e9e et respect\u00e9e, elle est plus encline \u00e0 partager ses id\u00e9es et \u00e0 collaborer. Des programmes qui r\u00e9compensent des <strong>d\u00e9marches proactives et constructives <\/strong>vont renforcer le sentiment d'appartenance.<\/p>\n<!-- \/wp:paragraph -->\n\n<!-- wp:paragraph -->\n<p>Par ailleurs, il est crucial de <strong>promouvoir la pluralit\u00e9 <\/strong>au sein de l'entreprise. La diversit\u00e9 des perspectives et des exp\u00e9riences est un atout majeur pour l'innovation. En cr\u00e9ant un environnement o\u00f9 chaque \u00eatre humain se sent respect\u00e9 et inclus, quelles que soient les <strong>diff\u00e9rences d\u00e9mographiques ou cognitives<\/strong>, les employeurs vont b\u00e9n\u00e9ficier d'une multitude d'id\u00e9es et de solutions cr\u00e9atives. <strong>L'inclusion r\u00e9elle doit \u00eatre une priorit\u00e9 dans toutes les politiques et pratiques organisationnelles, de la s\u00e9lection du personnel \u00e0 la prise de d\u00e9cision strat\u00e9gique<\/strong>. En cultivant une culture de respect, de soutien et de feedback, les entreprises et organisations vont non seulement pr\u00e9venir le harc\u00e8lement, mais aussi lib\u00e9rer le potentiel cr\u00e9atif de leurs employ\u00e9.e.s.<\/p>\n<!-- \/wp:paragraph -->\n\n<!-- wp:heading -->\n<h2 class=\"wp-block-heading\"><strong>Vers un environnement de travail respectueux et inclusif<\/strong>.<\/h2>\n<!-- \/wp:heading -->\n\n<!-- wp:paragraph -->\n<p>En conclusion, comprendre les diff\u00e9rentes formes de harc\u00e8lement et leur m\u00e9canismes est la premi\u00e8re \u00e9tape et aussi la plus essentielle pour pr\u00e9venir le harc\u00e8lement au travail. Qu'il s'agisse de harc\u00e8lement moral, sexuel, discriminatoire ou institutionnel, chacune des formes a implications graves pour les individus, leur \u00e9quipe et l'ensemble de l'organisation. En adoptant des politiques de signalement claires et accessibles, les entreprises d\u00e9montrent leur engagement envers un environnement de travail s\u00e9curisant et respectueux. La formation et la sensibilisation \u00e0 tous les niveaux, jouant un r\u00f4le crucial dans l'a reconnaissance dans l'identification et la gestion proactive des comportements  \u00e0 risque.<\/p>\n<!-- \/wp:paragraph -->\n\n<!-- wp:paragraph -->\n<p>Cr\u00e9er une culture de respect, de soutien et de feedback, est indispensable pour favoriser un climat propice \u00e0 la cr\u00e9ativit\u00e9 et \u00e0 l'innovation. En valorisant la diversit\u00e9 sous toutes ses formes et en promouvant l'inclusion effective, les entreprises et organisations pourront tirer parti d'une multitude d'id\u00e9es et de perspectives pour devenir plus performantes. <\/p>\n<!-- \/wp:paragraph -->\n\n<!-- wp:paragraph -->\n<p>Nous le constatons r\u00e9guli\u00e8rement lors de nos diverses interventions: lorsqu'une personne se sent respect\u00e9e et incluse, elle est plus encline \u00e0 collaborer, partager ses connaissances et proposer des solutions innovantes.<\/p>\n<!-- \/wp:paragraph -->\n\n<!-- wp:paragraph -->\n<p>Que pensez-vous de ces strat\u00e9gies de pr\u00e9vention du harc\u00e8lement au travail? Partagez vos r\u00e9flexions et vos exp\u00e9riences dans les commentaires ci-dessous.<\/p>\n<!-- \/wp:paragraph -->\n\n<!-- wp:paragraph -->\n<p>(1) Nous pr\u00e9conisons la mise en place d'une plateforme d'\u00e9coute externe et ind\u00e9pendante qui permettra aux personnes, cibles ou t\u00e9moins, de se sentir en s\u00e9curit\u00e9 pour t\u00e9moigner. \ud83d\udc49 <a href=\"http:\/\/www.platform.rez-care.com\" target=\"_blank\" rel=\"noreferrer noopener\">platform.rez-care.com<\/a> <\/p>\n<!-- \/wp:paragraph -->\n\n<!-- wp:heading -->\n<h2 class=\"wp-block-heading\"><strong>D\u00e9couvrez nos solutions...<\/strong><\/h2>\n<!-- \/wp:heading -->\n\n<!-- wp:columns -->\n<div class=\"wp-block-columns\"><!-- wp:column {\"width\":\"100%\"} -->\n<div class=\"wp-block-column\" style=\"flex-basis:100%\"><!-- wp:paragraph -->\n<p>\u2705 <a href=\"https:\/\/rez-care.com\/soutien-individuel\/\">Soutien individuel<\/a><br>\u2705 <a href=\"https:\/\/rez-care.com\/solutions-entreprises\/\">Solutions entreprises et organisations<\/a><br>\u2705 Sensibilisation g\u00e9n\u00e9rale via <a href=\"http:\/\/www.rezalliance.com\">Rezalliance<\/a> association, \u00e0 travers la \"Journ\u00e9e internationale contre le harc\u00e8lement et pour l'inclusion dans le monde du travail\" (<a href=\"http:\/\/www.24may.org\">www.24may.org<\/a>)<\/p>\n<!-- \/wp:paragraph --><\/div>\n<!-- \/wp:column --><\/div>\n<!-- \/wp:columns -->\n\n<!-- wp:paragraph -->\n<p><\/p>\n<!-- \/wp:paragraph -->","_et_gb_content_width":"","footnotes":""},"categories":[1],"tags":[],"class_list":["post-29394","post","type-post","status-publish","format-standard","has-post-thumbnail","hentry","category-uncategorized"],"yoast_head":"<!-- This site is optimized with the Yoast SEO plugin v27.4 - https:\/\/yoast.com\/product\/yoast-seo-wordpress\/ -->\n<title>Pr\u00e9venir le harc\u00e8lement au travail lib\u00e8re la cr\u00e9ativit\u00e9 et l&#039;innovation<\/title>\n<meta name=\"description\" content=\"Pr\u00e9venir le harc\u00e8lement au travail lib\u00e8re la cr\u00e9ativit\u00e9 et booste l&#039;innovation. Comprendre les diff\u00e9rentes formes de harc\u00e8lement et am\u00e9liorer les pratiques organisationnelles pour mieux prot\u00e9ger l&#039;int\u00e9grit\u00e9 des individus et augmenter la performance globale de l&#039;organisation.\" \/>\n<meta name=\"robots\" content=\"index, follow, max-snippet:-1, max-image-preview:large, max-video-preview:-1\" \/>\n<link rel=\"canonical\" href=\"https:\/\/rez-care.com\/fr\/prevenir-le-harcelement-au-travail-libere-la-creativite-et-booste-linnovation\/\" \/>\n<meta property=\"og:locale\" content=\"fr_FR\" \/>\n<meta property=\"og:type\" content=\"article\" \/>\n<meta property=\"og:title\" content=\"Pr\u00e9venir le harc\u00e8lement au travail lib\u00e8re la cr\u00e9ativit\u00e9 et l&#039;innovation\" \/>\n<meta property=\"og:description\" content=\"Pr\u00e9venir le harc\u00e8lement au travail lib\u00e8re la cr\u00e9ativit\u00e9 et booste l&#039;innovation. Comprendre les diff\u00e9rentes formes de harc\u00e8lement et am\u00e9liorer les pratiques organisationnelles pour mieux prot\u00e9ger l&#039;int\u00e9grit\u00e9 des individus et augmenter la performance globale de l&#039;organisation.\" \/>\n<meta property=\"og:url\" content=\"https:\/\/rez-care.com\/fr\/prevenir-le-harcelement-au-travail-libere-la-creativite-et-booste-linnovation\/\" \/>\n<meta property=\"og:site_name\" content=\"rez-care.com\" \/>\n<meta property=\"article:published_time\" content=\"2024-09-29T09:30:13+00:00\" \/>\n<meta property=\"article:modified_time\" content=\"2026-02-08T17:11:28+00:00\" \/>\n<meta property=\"og:image\" content=\"https:\/\/rez-care.com\/wp-content\/uploads\/2024\/09\/business-groupe-31.jpg\" \/>\n\t<meta property=\"og:image:width\" content=\"1698\" \/>\n\t<meta property=\"og:image:height\" content=\"1131\" \/>\n\t<meta property=\"og:image:type\" content=\"image\/jpeg\" \/>\n<meta name=\"author\" content=\"Joelle Payom\" \/>\n<meta name=\"twitter:card\" content=\"summary_large_image\" \/>\n<meta name=\"twitter:label1\" content=\"\u00c9crit par\" \/>\n\t<meta name=\"twitter:data1\" content=\"Joelle Payom\" \/>\n\t<meta name=\"twitter:label2\" content=\"Dur\u00e9e de lecture estim\u00e9e\" \/>\n\t<meta name=\"twitter:data2\" content=\"8 minutes\" \/>\n<script type=\"application\/ld+json\" class=\"yoast-schema-graph\">{\"@context\":\"https:\\\/\\\/schema.org\",\"@graph\":[{\"@type\":\"Article\",\"@id\":\"https:\\\/\\\/rez-care.com\\\/prevenir-le-harcelement-au-travail-libere-la-creativite-et-booste-linnovation\\\/#article\",\"isPartOf\":{\"@id\":\"https:\\\/\\\/rez-care.com\\\/prevenir-le-harcelement-au-travail-libere-la-creativite-et-booste-linnovation\\\/\"},\"author\":{\"name\":\"Joelle Payom\",\"@id\":\"https:\\\/\\\/rez-care.com\\\/#\\\/schema\\\/person\\\/b43b4a3a7ba847bd1bc87d1c3054bf69\"},\"headline\":\"Pr\u00e9venir le harc\u00e8lement au travail lib\u00e8re la cr\u00e9ativit\u00e9 et booste l&rsquo;innovation.\",\"datePublished\":\"2024-09-29T09:30:13+00:00\",\"dateModified\":\"2026-02-08T17:11:28+00:00\",\"mainEntityOfPage\":{\"@id\":\"https:\\\/\\\/rez-care.com\\\/prevenir-le-harcelement-au-travail-libere-la-creativite-et-booste-linnovation\\\/\"},\"wordCount\":1644,\"publisher\":{\"@id\":\"https:\\\/\\\/rez-care.com\\\/#organization\"},\"image\":{\"@id\":\"https:\\\/\\\/rez-care.com\\\/prevenir-le-harcelement-au-travail-libere-la-creativite-et-booste-linnovation\\\/#primaryimage\"},\"thumbnailUrl\":\"https:\\\/\\\/rez-care.com\\\/wp-content\\\/uploads\\\/2024\\\/09\\\/business-groupe-31.jpg\",\"articleSection\":[\"Uncategorized\"],\"inLanguage\":\"fr-FR\"},{\"@type\":\"WebPage\",\"@id\":\"https:\\\/\\\/rez-care.com\\\/prevenir-le-harcelement-au-travail-libere-la-creativite-et-booste-linnovation\\\/\",\"url\":\"https:\\\/\\\/rez-care.com\\\/prevenir-le-harcelement-au-travail-libere-la-creativite-et-booste-linnovation\\\/\",\"name\":\"Pr\u00e9venir le harc\u00e8lement au travail lib\u00e8re la cr\u00e9ativit\u00e9 et l'innovation\",\"isPartOf\":{\"@id\":\"https:\\\/\\\/rez-care.com\\\/#website\"},\"primaryImageOfPage\":{\"@id\":\"https:\\\/\\\/rez-care.com\\\/prevenir-le-harcelement-au-travail-libere-la-creativite-et-booste-linnovation\\\/#primaryimage\"},\"image\":{\"@id\":\"https:\\\/\\\/rez-care.com\\\/prevenir-le-harcelement-au-travail-libere-la-creativite-et-booste-linnovation\\\/#primaryimage\"},\"thumbnailUrl\":\"https:\\\/\\\/rez-care.com\\\/wp-content\\\/uploads\\\/2024\\\/09\\\/business-groupe-31.jpg\",\"datePublished\":\"2024-09-29T09:30:13+00:00\",\"dateModified\":\"2026-02-08T17:11:28+00:00\",\"description\":\"Pr\u00e9venir le harc\u00e8lement au travail lib\u00e8re la cr\u00e9ativit\u00e9 et booste l'innovation. Comprendre les diff\u00e9rentes formes de harc\u00e8lement et am\u00e9liorer les pratiques organisationnelles pour mieux prot\u00e9ger l'int\u00e9grit\u00e9 des individus et augmenter la performance globale de l'organisation.\",\"breadcrumb\":{\"@id\":\"https:\\\/\\\/rez-care.com\\\/prevenir-le-harcelement-au-travail-libere-la-creativite-et-booste-linnovation\\\/#breadcrumb\"},\"inLanguage\":\"fr-FR\",\"potentialAction\":[{\"@type\":\"ReadAction\",\"target\":[\"https:\\\/\\\/rez-care.com\\\/prevenir-le-harcelement-au-travail-libere-la-creativite-et-booste-linnovation\\\/\"]}]},{\"@type\":\"ImageObject\",\"inLanguage\":\"fr-FR\",\"@id\":\"https:\\\/\\\/rez-care.com\\\/prevenir-le-harcelement-au-travail-libere-la-creativite-et-booste-linnovation\\\/#primaryimage\",\"url\":\"https:\\\/\\\/rez-care.com\\\/wp-content\\\/uploads\\\/2024\\\/09\\\/business-groupe-31.jpg\",\"contentUrl\":\"https:\\\/\\\/rez-care.com\\\/wp-content\\\/uploads\\\/2024\\\/09\\\/business-groupe-31.jpg\",\"width\":1698,\"height\":1131,\"caption\":\"Photo of a creative business team busy at a meeting\"},{\"@type\":\"BreadcrumbList\",\"@id\":\"https:\\\/\\\/rez-care.com\\\/prevenir-le-harcelement-au-travail-libere-la-creativite-et-booste-linnovation\\\/#breadcrumb\",\"itemListElement\":[{\"@type\":\"ListItem\",\"position\":1,\"name\":\"Accueil\",\"item\":\"https:\\\/\\\/rez-care.com\\\/\"},{\"@type\":\"ListItem\",\"position\":2,\"name\":\"Pr\u00e9venir le harc\u00e8lement au travail lib\u00e8re la cr\u00e9ativit\u00e9 et booste l&rsquo;innovation.\"}]},{\"@type\":\"WebSite\",\"@id\":\"https:\\\/\\\/rez-care.com\\\/#website\",\"url\":\"https:\\\/\\\/rez-care.com\\\/\",\"name\":\"La plateforme rez-care.com\",\"description\":\"Pr\u00e9vention des risques psychosociaux et harc\u00e8lement au travail\",\"publisher\":{\"@id\":\"https:\\\/\\\/rez-care.com\\\/#organization\"},\"potentialAction\":[{\"@type\":\"SearchAction\",\"target\":{\"@type\":\"EntryPoint\",\"urlTemplate\":\"https:\\\/\\\/rez-care.com\\\/?s={search_term_string}\"},\"query-input\":{\"@type\":\"PropertyValueSpecification\",\"valueRequired\":true,\"valueName\":\"search_term_string\"}}],\"inLanguage\":\"fr-FR\"},{\"@type\":\"Organization\",\"@id\":\"https:\\\/\\\/rez-care.com\\\/#organization\",\"name\":\"La plateforme rez-care.com\",\"url\":\"https:\\\/\\\/rez-care.com\\\/\",\"logo\":{\"@type\":\"ImageObject\",\"inLanguage\":\"fr-FR\",\"@id\":\"https:\\\/\\\/rez-care.com\\\/#\\\/schema\\\/logo\\\/image\\\/\",\"url\":\"https:\\\/\\\/rez-care.com\\\/wp-content\\\/uploads\\\/2024\\\/02\\\/logo.png\",\"contentUrl\":\"https:\\\/\\\/rez-care.com\\\/wp-content\\\/uploads\\\/2024\\\/02\\\/logo.png\",\"width\":222,\"height\":227,\"caption\":\"La plateforme rez-care.com\"},\"image\":{\"@id\":\"https:\\\/\\\/rez-care.com\\\/#\\\/schema\\\/logo\\\/image\\\/\"}},{\"@type\":\"Person\",\"@id\":\"https:\\\/\\\/rez-care.com\\\/#\\\/schema\\\/person\\\/b43b4a3a7ba847bd1bc87d1c3054bf69\",\"name\":\"Joelle Payom\",\"image\":{\"@type\":\"ImageObject\",\"inLanguage\":\"fr-FR\",\"@id\":\"https:\\\/\\\/secure.gravatar.com\\\/avatar\\\/7081bc0902fe5b99187f6c5d46cb4dd368eac4d8fc04ae56a85e5fac5ba17591?s=96&d=mm&r=g\",\"url\":\"https:\\\/\\\/secure.gravatar.com\\\/avatar\\\/7081bc0902fe5b99187f6c5d46cb4dd368eac4d8fc04ae56a85e5fac5ba17591?s=96&d=mm&r=g\",\"contentUrl\":\"https:\\\/\\\/secure.gravatar.com\\\/avatar\\\/7081bc0902fe5b99187f6c5d46cb4dd368eac4d8fc04ae56a85e5fac5ba17591?s=96&d=mm&r=g\",\"caption\":\"Joelle Payom\"},\"url\":\"https:\\\/\\\/rez-care.com\\\/fr\\\/author\\\/joelle\\\/\"}]}<\/script>\n<!-- \/ Yoast SEO plugin. -->","yoast_head_json":{"title":"Pr\u00e9venir le harc\u00e8lement au travail lib\u00e8re la cr\u00e9ativit\u00e9 et l'innovation","description":"Pr\u00e9venir le harc\u00e8lement au travail lib\u00e8re la cr\u00e9ativit\u00e9 et booste l'innovation. Comprendre les diff\u00e9rentes formes de harc\u00e8lement et am\u00e9liorer les pratiques organisationnelles pour mieux prot\u00e9ger l'int\u00e9grit\u00e9 des individus et augmenter la performance globale de l'organisation.","robots":{"index":"index","follow":"follow","max-snippet":"max-snippet:-1","max-image-preview":"max-image-preview:large","max-video-preview":"max-video-preview:-1"},"canonical":"https:\/\/rez-care.com\/fr\/prevenir-le-harcelement-au-travail-libere-la-creativite-et-booste-linnovation\/","og_locale":"fr_FR","og_type":"article","og_title":"Pr\u00e9venir le harc\u00e8lement au travail lib\u00e8re la cr\u00e9ativit\u00e9 et l'innovation","og_description":"Pr\u00e9venir le harc\u00e8lement au travail lib\u00e8re la cr\u00e9ativit\u00e9 et booste l'innovation. Comprendre les diff\u00e9rentes formes de harc\u00e8lement et am\u00e9liorer les pratiques organisationnelles pour mieux prot\u00e9ger l'int\u00e9grit\u00e9 des individus et augmenter la performance globale de l'organisation.","og_url":"https:\/\/rez-care.com\/fr\/prevenir-le-harcelement-au-travail-libere-la-creativite-et-booste-linnovation\/","og_site_name":"rez-care.com","article_published_time":"2024-09-29T09:30:13+00:00","article_modified_time":"2026-02-08T17:11:28+00:00","og_image":[{"width":1698,"height":1131,"url":"https:\/\/rez-care.com\/wp-content\/uploads\/2024\/09\/business-groupe-31.jpg","type":"image\/jpeg"}],"author":"Joelle Payom","twitter_card":"summary_large_image","twitter_misc":{"\u00c9crit par":"Joelle Payom","Dur\u00e9e de lecture estim\u00e9e":"8 minutes"},"schema":{"@context":"https:\/\/schema.org","@graph":[{"@type":"Article","@id":"https:\/\/rez-care.com\/prevenir-le-harcelement-au-travail-libere-la-creativite-et-booste-linnovation\/#article","isPartOf":{"@id":"https:\/\/rez-care.com\/prevenir-le-harcelement-au-travail-libere-la-creativite-et-booste-linnovation\/"},"author":{"name":"Joelle Payom","@id":"https:\/\/rez-care.com\/#\/schema\/person\/b43b4a3a7ba847bd1bc87d1c3054bf69"},"headline":"Pr\u00e9venir le harc\u00e8lement au travail lib\u00e8re la cr\u00e9ativit\u00e9 et booste l&rsquo;innovation.","datePublished":"2024-09-29T09:30:13+00:00","dateModified":"2026-02-08T17:11:28+00:00","mainEntityOfPage":{"@id":"https:\/\/rez-care.com\/prevenir-le-harcelement-au-travail-libere-la-creativite-et-booste-linnovation\/"},"wordCount":1644,"publisher":{"@id":"https:\/\/rez-care.com\/#organization"},"image":{"@id":"https:\/\/rez-care.com\/prevenir-le-harcelement-au-travail-libere-la-creativite-et-booste-linnovation\/#primaryimage"},"thumbnailUrl":"https:\/\/rez-care.com\/wp-content\/uploads\/2024\/09\/business-groupe-31.jpg","articleSection":["Uncategorized"],"inLanguage":"fr-FR"},{"@type":"WebPage","@id":"https:\/\/rez-care.com\/prevenir-le-harcelement-au-travail-libere-la-creativite-et-booste-linnovation\/","url":"https:\/\/rez-care.com\/prevenir-le-harcelement-au-travail-libere-la-creativite-et-booste-linnovation\/","name":"Pr\u00e9venir le harc\u00e8lement au travail lib\u00e8re la cr\u00e9ativit\u00e9 et l'innovation","isPartOf":{"@id":"https:\/\/rez-care.com\/#website"},"primaryImageOfPage":{"@id":"https:\/\/rez-care.com\/prevenir-le-harcelement-au-travail-libere-la-creativite-et-booste-linnovation\/#primaryimage"},"image":{"@id":"https:\/\/rez-care.com\/prevenir-le-harcelement-au-travail-libere-la-creativite-et-booste-linnovation\/#primaryimage"},"thumbnailUrl":"https:\/\/rez-care.com\/wp-content\/uploads\/2024\/09\/business-groupe-31.jpg","datePublished":"2024-09-29T09:30:13+00:00","dateModified":"2026-02-08T17:11:28+00:00","description":"Pr\u00e9venir le harc\u00e8lement au travail lib\u00e8re la cr\u00e9ativit\u00e9 et booste l'innovation. Comprendre les diff\u00e9rentes formes de harc\u00e8lement et am\u00e9liorer les pratiques organisationnelles pour mieux prot\u00e9ger l'int\u00e9grit\u00e9 des individus et augmenter la performance globale de l'organisation.","breadcrumb":{"@id":"https:\/\/rez-care.com\/prevenir-le-harcelement-au-travail-libere-la-creativite-et-booste-linnovation\/#breadcrumb"},"inLanguage":"fr-FR","potentialAction":[{"@type":"ReadAction","target":["https:\/\/rez-care.com\/prevenir-le-harcelement-au-travail-libere-la-creativite-et-booste-linnovation\/"]}]},{"@type":"ImageObject","inLanguage":"fr-FR","@id":"https:\/\/rez-care.com\/prevenir-le-harcelement-au-travail-libere-la-creativite-et-booste-linnovation\/#primaryimage","url":"https:\/\/rez-care.com\/wp-content\/uploads\/2024\/09\/business-groupe-31.jpg","contentUrl":"https:\/\/rez-care.com\/wp-content\/uploads\/2024\/09\/business-groupe-31.jpg","width":1698,"height":1131,"caption":"Photo of a creative business team busy at a meeting"},{"@type":"BreadcrumbList","@id":"https:\/\/rez-care.com\/prevenir-le-harcelement-au-travail-libere-la-creativite-et-booste-linnovation\/#breadcrumb","itemListElement":[{"@type":"ListItem","position":1,"name":"Accueil","item":"https:\/\/rez-care.com\/"},{"@type":"ListItem","position":2,"name":"Pr\u00e9venir le harc\u00e8lement au travail lib\u00e8re la cr\u00e9ativit\u00e9 et booste l&rsquo;innovation."}]},{"@type":"WebSite","@id":"https:\/\/rez-care.com\/#website","url":"https:\/\/rez-care.com\/","name":"La plateforme rez-care.com","description":"Pr\u00e9vention des risques psychosociaux et harc\u00e8lement au travail","publisher":{"@id":"https:\/\/rez-care.com\/#organization"},"potentialAction":[{"@type":"SearchAction","target":{"@type":"EntryPoint","urlTemplate":"https:\/\/rez-care.com\/?s={search_term_string}"},"query-input":{"@type":"PropertyValueSpecification","valueRequired":true,"valueName":"search_term_string"}}],"inLanguage":"fr-FR"},{"@type":"Organization","@id":"https:\/\/rez-care.com\/#organization","name":"La plateforme rez-care.com","url":"https:\/\/rez-care.com\/","logo":{"@type":"ImageObject","inLanguage":"fr-FR","@id":"https:\/\/rez-care.com\/#\/schema\/logo\/image\/","url":"https:\/\/rez-care.com\/wp-content\/uploads\/2024\/02\/logo.png","contentUrl":"https:\/\/rez-care.com\/wp-content\/uploads\/2024\/02\/logo.png","width":222,"height":227,"caption":"La plateforme rez-care.com"},"image":{"@id":"https:\/\/rez-care.com\/#\/schema\/logo\/image\/"}},{"@type":"Person","@id":"https:\/\/rez-care.com\/#\/schema\/person\/b43b4a3a7ba847bd1bc87d1c3054bf69","name":"Joelle Payom","image":{"@type":"ImageObject","inLanguage":"fr-FR","@id":"https:\/\/secure.gravatar.com\/avatar\/7081bc0902fe5b99187f6c5d46cb4dd368eac4d8fc04ae56a85e5fac5ba17591?s=96&d=mm&r=g","url":"https:\/\/secure.gravatar.com\/avatar\/7081bc0902fe5b99187f6c5d46cb4dd368eac4d8fc04ae56a85e5fac5ba17591?s=96&d=mm&r=g","contentUrl":"https:\/\/secure.gravatar.com\/avatar\/7081bc0902fe5b99187f6c5d46cb4dd368eac4d8fc04ae56a85e5fac5ba17591?s=96&d=mm&r=g","caption":"Joelle Payom"},"url":"https:\/\/rez-care.com\/fr\/author\/joelle\/"}]}},"_links":{"self":[{"href":"https:\/\/rez-care.com\/fr\/wp-json\/wp\/v2\/posts\/29394","targetHints":{"allow":["GET"]}}],"collection":[{"href":"https:\/\/rez-care.com\/fr\/wp-json\/wp\/v2\/posts"}],"about":[{"href":"https:\/\/rez-care.com\/fr\/wp-json\/wp\/v2\/types\/post"}],"author":[{"embeddable":true,"href":"https:\/\/rez-care.com\/fr\/wp-json\/wp\/v2\/users\/2"}],"replies":[{"embeddable":true,"href":"https:\/\/rez-care.com\/fr\/wp-json\/wp\/v2\/comments?post=29394"}],"version-history":[{"count":51,"href":"https:\/\/rez-care.com\/fr\/wp-json\/wp\/v2\/posts\/29394\/revisions"}],"predecessor-version":[{"id":30137,"href":"https:\/\/rez-care.com\/fr\/wp-json\/wp\/v2\/posts\/29394\/revisions\/30137"}],"wp:featuredmedia":[{"embeddable":true,"href":"https:\/\/rez-care.com\/fr\/wp-json\/wp\/v2\/media\/29395"}],"wp:attachment":[{"href":"https:\/\/rez-care.com\/fr\/wp-json\/wp\/v2\/media?parent=29394"}],"wp:term":[{"taxonomy":"category","embeddable":true,"href":"https:\/\/rez-care.com\/fr\/wp-json\/wp\/v2\/categories?post=29394"},{"taxonomy":"post_tag","embeddable":true,"href":"https:\/\/rez-care.com\/fr\/wp-json\/wp\/v2\/tags?post=29394"}],"curies":[{"name":"wp","href":"https:\/\/api.w.org\/{rel}","templated":true}]}}